{"id":1315,"date":"2014-05-12T11:08:23","date_gmt":"2014-05-12T10:08:23","guid":{"rendered":"http:\/\/www.worldpolicyconference.com\/jean-marc-simon\/"},"modified":"2026-03-18T10:26:32","modified_gmt":"2026-03-18T09:26:32","slug":"jean-marc-simon","status":"publish","type":"post","link":"https:\/\/www.worldpolicyconference.com\/fr\/jean-marc-simon\/","title":{"rendered":"Jean-Marc Simon"},"content":{"rendered":"<p><\/p>\n<p style=\"text-align: justify;\"><span style=\"font-weight: 400;\">Ambassadeur de France. Il a appartenu \u00e0 diff\u00e9rents cabinets minist\u00e9riels au minist\u00e8re des Affaires \u00e9trang\u00e8res et au minist\u00e8re de la Coop\u00e9ration. Il a en outre servi dans de nombreuses ambassades \u00e0 travers le monde, notamment en tant que conseiller ou consul g\u00e9n\u00e9ral avant d\u2019\u00eatre nomm\u00e9 ambassadeur en R\u00e9publique Centrafricaine (1996-2001), au Nigeria (2001-2003), au Gabon (2003-2008) puis en C\u00f4te d\u2019Ivoire (2009-2012). Il a \u00e9t\u00e9 repr\u00e9sentant permanent aupr\u00e8s de la CEDEAO et de la CEEAC. Il a \u00e9t\u00e9 d\u00e9put\u00e9-suppl\u00e9ant de l\u2019Oise de 2012 \u00e0 2022 et est pr\u00e9sident d\u2019Eurafrique Strat\u00e9gies SAS. Il est dipl\u00f4m\u00e9 de l\u2019Universit\u00e9 Paris II Assas en droit public.<\/span><\/p>\n<p><\/p>","protected":false},"excerpt":{"rendered":"<p>Ambassadeur de France. Il a appartenu \u00e0 diff\u00e9rents cabinets minist\u00e9riels au minist\u00e8re des Affaires \u00e9trang\u00e8res et au minist\u00e8re de la Coop\u00e9ration. Il a en outre servi dans de nombreuses ambassades<\/p>\n","protected":false},"author":1,"featured_media":10694,"comment_status":"closed","ping_status":"open","sticky":false,"template":"","format":"standard","meta":{"footnotes":""},"categories":[8],"tags":[14,10,20,21,22,25,30,155,157],"class_list":["post-1315","post","type-post","status-publish","format-standard","has-post-thumbnail","hentry","category-invited-guests","tag-14","tag-10","tag-20","tag-21","tag-22","tag-25","tag-30","tag-155","tag-157"],"_links":{"self":[{"href":"https:\/\/www.worldpolicyconference.com\/fr\/wp-json\/wp\/v2\/posts\/1315","targetHints":{"allow":["GET"]}}],"collection":[{"href":"https:\/\/www.worldpolicyconference.com\/fr\/wp-json\/wp\/v2\/posts"}],"about":[{"href":"https:\/\/www.worldpolicyconference.com\/fr\/wp-json\/wp\/v2\/types\/post"}],"author":[{"embeddable":true,"href":"https:\/\/www.worldpolicyconference.com\/fr\/wp-json\/wp\/v2\/users\/1"}],"replies":[{"embeddable":true,"href":"https:\/\/www.worldpolicyconference.com\/fr\/wp-json\/wp\/v2\/comments?post=1315"}],"version-history":[{"count":0,"href":"https:\/\/www.worldpolicyconference.com\/fr\/wp-json\/wp\/v2\/posts\/1315\/revisions"}],"wp:featuredmedia":[{"embeddable":true,"href":"https:\/\/www.worldpolicyconference.com\/fr\/wp-json\/wp\/v2\/media\/10694"}],"wp:attachment":[{"href":"https:\/\/www.worldpolicyconference.com\/fr\/wp-json\/wp\/v2\/media?parent=1315"}],"wp:term":[{"taxonomy":"category","embeddable":true,"href":"https:\/\/www.worldpolicyconference.com\/fr\/wp-json\/wp\/v2\/categories?post=1315"},{"taxonomy":"post_tag","embeddable":true,"href":"https:\/\/www.worldpolicyconference.com\/fr\/wp-json\/wp\/v2\/tags?post=1315"}],"curies":[{"name":"wp","href":"https:\/\/api.w.org\/{rel}","templated":true}]}}