{"id":1318,"date":"2014-05-12T11:09:33","date_gmt":"2014-05-12T10:09:33","guid":{"rendered":"http:\/\/www.worldpolicyconference.com\/rakesh-sood\/"},"modified":"2020-06-22T16:40:29","modified_gmt":"2020-06-22T15:40:29","slug":"rakesh-sood","status":"publish","type":"post","link":"https:\/\/www.worldpolicyconference.com\/fr\/rakesh-sood\/","title":{"rendered":"Rakesh Sood"},"content":{"rendered":"<p><\/p>\n<p style=\"text-align: justify;\">Ambassadeur de l\u2019Inde en France. Il a rejoint le minist\u00e8re indien des Affaires \u00e9trang\u00e8res en 1976. Il a \u00e9t\u00e9 ambassadeur de l\u2019Inde au N\u00e9pal et en Afghanistan ainsi qu\u2019ambassadeur et Repr\u00e9sentant permanent aupr\u00e8s de la conf\u00e9rence sur le d\u00e9sarmement \u00e0 Gen\u00e8ve. Il a \u00e9galement \u00e9t\u00e9 chef de mission adjoint \u00e0 l\u2019ambassade de l\u2019Inde \u00e0 Washington. Parmi ses autres responsabilit\u00e9s \u00e0 l\u2019\u00e9tranger, il a \u00e9t\u00e9 Premier secr\u00e9taire et conseiller de la haute commission de l\u2019Inde \u00e0 Islamabad et Premier secr\u00e9taire de la mission permanente de l\u2019Inde aux Nations Unies \u00e0 Gen\u00e8ve. Il a \u00e9galement \u00e9t\u00e9 secr\u00e9taire adjoint responsable de la section des affaires de s\u00e9curit\u00e9 internationale et du d\u00e9sarmement au minist\u00e8re des Affaires \u00e9trang\u00e8res.<\/p>\n<p><\/p>","protected":false},"excerpt":{"rendered":"<p>Ambassadeur de l\u2019Inde en France. Il a rejoint le minist\u00e8re indien des Affaires \u00e9trang\u00e8res en 1976. Il a \u00e9t\u00e9 ambassadeur de l\u2019Inde au N\u00e9pal et en Afghanistan ainsi qu\u2019ambassadeur et<\/p>\n","protected":false},"author":1,"featured_media":9554,"comment_status":"closed","ping_status":"open","sticky":false,"template":"","format":"standard","meta":{"footnotes":""},"categories":[8],"tags":[14],"class_list":["post-1318","post","type-post","status-publish","format-standard","has-post-thumbnail","hentry","category-invited-guests","tag-14"],"_links":{"self":[{"href":"https:\/\/www.worldpolicyconference.com\/fr\/wp-json\/wp\/v2\/posts\/1318","targetHints":{"allow":["GET"]}}],"collection":[{"href":"https:\/\/www.worldpolicyconference.com\/fr\/wp-json\/wp\/v2\/posts"}],"about":[{"href":"https:\/\/www.worldpolicyconference.com\/fr\/wp-json\/wp\/v2\/types\/post"}],"author":[{"embeddable":true,"href":"https:\/\/www.worldpolicyconference.com\/fr\/wp-json\/wp\/v2\/users\/1"}],"replies":[{"embeddable":true,"href":"https:\/\/www.worldpolicyconference.com\/fr\/wp-json\/wp\/v2\/comments?post=1318"}],"version-history":[{"count":0,"href":"https:\/\/www.worldpolicyconference.com\/fr\/wp-json\/wp\/v2\/posts\/1318\/revisions"}],"wp:featuredmedia":[{"embeddable":true,"href":"https:\/\/www.worldpolicyconference.com\/fr\/wp-json\/wp\/v2\/media\/9554"}],"wp:attachment":[{"href":"https:\/\/www.worldpolicyconference.com\/fr\/wp-json\/wp\/v2\/media?parent=1318"}],"wp:term":[{"taxonomy":"category","embeddable":true,"href":"https:\/\/www.worldpolicyconference.com\/fr\/wp-json\/wp\/v2\/categories?post=1318"},{"taxonomy":"post_tag","embeddable":true,"href":"https:\/\/www.worldpolicyconference.com\/fr\/wp-json\/wp\/v2\/tags?post=1318"}],"curies":[{"name":"wp","href":"https:\/\/api.w.org\/{rel}","templated":true}]}}