{"id":1320,"date":"2014-05-12T11:10:02","date_gmt":"2014-05-12T10:10:02","guid":{"rendered":"http:\/\/www.worldpolicyconference.com\/marius-stoian\/"},"modified":"2026-04-13T13:11:53","modified_gmt":"2026-04-13T12:11:53","slug":"marius-stoian","status":"publish","type":"post","link":"https:\/\/www.worldpolicyconference.com\/fr\/marius-stoian\/","title":{"rendered":"Marius Stoian"},"content":{"rendered":"<p><\/p>\n<p style=\"text-align: justify;\"><span style=\"font-weight: 400;\">Pr\u00e9sident et fondateur du Club Romania depuis 2011, il a d\u00e9but\u00e9 sa carri\u00e8re dans le journalisme en 1990 comme r\u00e9dacteur au journal Tineretul Liber. Il a ensuite travaill\u00e9 comme correspondant de presse pour un journal et une cha\u00eene de t\u00e9l\u00e9vision roumains en Hongrie et en R\u00e9publique de Moldova. Il est ensuite devenu conseiller personnel du Secr\u00e9taire d\u2019\u00c9tat charg\u00e9 des Roumains de l\u2019\u00e9tranger (2000), puis du minist\u00e8re du Tourisme (2001\u20132003). En 2009, il a occup\u00e9 les fonctions de sous-secr\u00e9taire d\u2019\u00c9tat au commerce ext\u00e9rieur. Dipl\u00f4m\u00e9 en journalisme et en sciences de la communication, il dirige le groupe de r\u00e9flexion Club Romania. Outre sa participation actuelle \u00e0 divers formats de dialogue nationaux et internationaux, il a consacr\u00e9 ces dix derni\u00e8res ann\u00e9es \u00e0 la coordination du projet \u00ab Cahiers documentaires \u2013 Club Romania \u00bb, une s\u00e9rie de dix volumes th\u00e9matiques rassemblant les contributions de plus de 900 experts issus des milieux acad\u00e9mique, \u00e9conomique, sociopolitique et culturel, ax\u00e9e sur des approches sectorielles int\u00e9gr\u00e9es. Cette s\u00e9rie constitue une v\u00e9ritable \u00ab Encyclop\u00e9die roumaine \u00bb d\u2019analyse, orient\u00e9e vers la diffusion des connaissances.<\/span><\/p>","protected":false},"excerpt":{"rendered":"<p>Pr\u00e9sident et fondateur du Club Romania depuis 2011, il a d\u00e9but\u00e9 sa carri\u00e8re dans le journalisme en 1990 comme r\u00e9dacteur au journal Tineretul Liber. Il a ensuite travaill\u00e9 comme correspondant<\/p>\n","protected":false},"author":1,"featured_media":9545,"comment_status":"closed","ping_status":"open","sticky":false,"template":"","format":"standard","meta":{"footnotes":""},"categories":[8],"tags":[14,10,20,21,22,25,127,157],"class_list":["post-1320","post","type-post","status-publish","format-standard","has-post-thumbnail","hentry","category-invited-guests","tag-14","tag-10","tag-20","tag-21","tag-22","tag-25","tag-127","tag-157"],"_links":{"self":[{"href":"https:\/\/www.worldpolicyconference.com\/fr\/wp-json\/wp\/v2\/posts\/1320","targetHints":{"allow":["GET"]}}],"collection":[{"href":"https:\/\/www.worldpolicyconference.com\/fr\/wp-json\/wp\/v2\/posts"}],"about":[{"href":"https:\/\/www.worldpolicyconference.com\/fr\/wp-json\/wp\/v2\/types\/post"}],"author":[{"embeddable":true,"href":"https:\/\/www.worldpolicyconference.com\/fr\/wp-json\/wp\/v2\/users\/1"}],"replies":[{"embeddable":true,"href":"https:\/\/www.worldpolicyconference.com\/fr\/wp-json\/wp\/v2\/comments?post=1320"}],"version-history":[{"count":0,"href":"https:\/\/www.worldpolicyconference.com\/fr\/wp-json\/wp\/v2\/posts\/1320\/revisions"}],"wp:featuredmedia":[{"embeddable":true,"href":"https:\/\/www.worldpolicyconference.com\/fr\/wp-json\/wp\/v2\/media\/9545"}],"wp:attachment":[{"href":"https:\/\/www.worldpolicyconference.com\/fr\/wp-json\/wp\/v2\/media?parent=1320"}],"wp:term":[{"taxonomy":"category","embeddable":true,"href":"https:\/\/www.worldpolicyconference.com\/fr\/wp-json\/wp\/v2\/categories?post=1320"},{"taxonomy":"post_tag","embeddable":true,"href":"https:\/\/www.worldpolicyconference.com\/fr\/wp-json\/wp\/v2\/tags?post=1320"}],"curies":[{"name":"wp","href":"https:\/\/api.w.org\/{rel}","templated":true}]}}