{"id":1326,"date":"2014-05-12T11:11:49","date_gmt":"2014-05-12T10:11:49","guid":{"rendered":"http:\/\/www.worldpolicyconference.com\/jisi-wang\/"},"modified":"2026-03-18T10:31:34","modified_gmt":"2026-03-18T09:31:34","slug":"jisi-wang","status":"publish","type":"post","link":"https:\/\/www.worldpolicyconference.com\/fr\/jisi-wang\/","title":{"rendered":"Jisi Wang"},"content":{"rendered":"<p><\/p>\n<p style=\"text-align: justify;\"><span style=\"font-weight: 400;\">Pr\u00e9sident fondateur de l\u2019Institut des \u00e9tudes strat\u00e9giques et internationales de l\u2019Universit\u00e9 de P\u00e9kin et professeur \u00e0 l\u2019\u00c9cole des \u00e9tudes internationales. Il est professeur titulaire de la chaire Boya \u00e0 l\u2019Universit\u00e9 de P\u00e9kin depuis 2017. Il est pr\u00e9sident d\u2019honneur de l\u2019Association chinoise d\u2019\u00e9tudes am\u00e9ricaines et a \u00e9t\u00e9 membre du Comit\u00e9 consultatif de politique \u00e9trang\u00e8re du minist\u00e8re des Affaires \u00e9trang\u00e8res chinois (2008-2016). Il a enseign\u00e9 au d\u00e9partement de politique internationale de l\u2019Universit\u00e9 de P\u00e9kin (1983-1991), puis a \u00e9t\u00e9 directeur de l\u2019Institut d\u2019\u00e9tudes am\u00e9ricaines \u00e0 l\u2019Acad\u00e9mie chinoise des sciences sociales jusqu\u2019en 2005. De 2005 \u00e0 2013, il a \u00e9t\u00e9 doyen de l\u2019\u00c9cole des \u00e9tudes internationales de l\u2019Universit\u00e9 de P\u00e9kin. Parall\u00e8lement, il a occup\u00e9 la fonction de directeur de l\u2019Institut des \u00e9tudes strat\u00e9giques internationales de l\u2019\u00c9cole centrale du Parti communiste chinois (2001-2009). Il a \u00e9t\u00e9 Global Scholar \u00e0 l\u2019Universit\u00e9 de Princeton (2011-2015). Il a obtenu un Master \u00e0 l\u2019Universit\u00e9 de P\u00e9kin.<\/span><\/p>\n<p><\/p>","protected":false},"excerpt":{"rendered":"<p>Pr\u00e9sident fondateur de l\u2019Institut des \u00e9tudes strat\u00e9giques et internationales de l\u2019Universit\u00e9 de P\u00e9kin et professeur \u00e0 l\u2019\u00c9cole des \u00e9tudes internationales. Il est professeur titulaire de la chaire Boya \u00e0 l\u2019Universit\u00e9<\/p>\n","protected":false},"author":1,"featured_media":14306,"comment_status":"closed","ping_status":"open","sticky":false,"template":"","format":"standard","meta":{"footnotes":""},"categories":[8],"tags":[14,21,25,127,153,157],"class_list":["post-1326","post","type-post","status-publish","format-standard","has-post-thumbnail","hentry","category-invited-guests","tag-14","tag-21","tag-25","tag-127","tag-153","tag-157"],"_links":{"self":[{"href":"https:\/\/www.worldpolicyconference.com\/fr\/wp-json\/wp\/v2\/posts\/1326","targetHints":{"allow":["GET"]}}],"collection":[{"href":"https:\/\/www.worldpolicyconference.com\/fr\/wp-json\/wp\/v2\/posts"}],"about":[{"href":"https:\/\/www.worldpolicyconference.com\/fr\/wp-json\/wp\/v2\/types\/post"}],"author":[{"embeddable":true,"href":"https:\/\/www.worldpolicyconference.com\/fr\/wp-json\/wp\/v2\/users\/1"}],"replies":[{"embeddable":true,"href":"https:\/\/www.worldpolicyconference.com\/fr\/wp-json\/wp\/v2\/comments?post=1326"}],"version-history":[{"count":0,"href":"https:\/\/www.worldpolicyconference.com\/fr\/wp-json\/wp\/v2\/posts\/1326\/revisions"}],"wp:featuredmedia":[{"embeddable":true,"href":"https:\/\/www.worldpolicyconference.com\/fr\/wp-json\/wp\/v2\/media\/14306"}],"wp:attachment":[{"href":"https:\/\/www.worldpolicyconference.com\/fr\/wp-json\/wp\/v2\/media?parent=1326"}],"wp:term":[{"taxonomy":"category","embeddable":true,"href":"https:\/\/www.worldpolicyconference.com\/fr\/wp-json\/wp\/v2\/categories?post=1326"},{"taxonomy":"post_tag","embeddable":true,"href":"https:\/\/www.worldpolicyconference.com\/fr\/wp-json\/wp\/v2\/tags?post=1326"}],"curies":[{"name":"wp","href":"https:\/\/api.w.org\/{rel}","templated":true}]}}