{"id":13299,"date":"2019-11-12T13:08:51","date_gmt":"2019-11-12T12:08:51","guid":{"rendered":"https:\/\/www.worldpolicyconference.com\/?p=13299"},"modified":"2019-11-12T13:09:03","modified_gmt":"2019-11-12T12:09:03","slug":"jean-de-kervasdoue-nous-sommes-tous-des-ogm","status":"publish","type":"post","link":"https:\/\/www.worldpolicyconference.com\/fr\/jean-de-kervasdoue-nous-sommes-tous-des-ogm\/","title":{"rendered":"Jean de Kervasdou\u00e9 \u2013 Nous sommes tous des OGM"},"content":{"rendered":"<h2 class=\"art-chapeau\">CHRONIQUE. Toutes les semences modifi\u00e9es sont-elles dangereuses\u00a0? Le m\u00e9canisme de transmission du patrimoine g\u00e9n\u00e9tique est d\u00e9j\u00e0 producteur de diversit\u00e9\u00a0!<\/h2>\n<p><span class=\"art-source big inbl mtn vb\">Par Jean de Kervasdou\u00e9\u00a0<\/span><\/p>\n<div class=\"reset-text art-date-infos mts\">Publi\u00e9 le\u00a0<time datetime=\"2019-11-04T20:00\">04\/11\/2019 \u00e0 20:00<\/time>\u00a0| Le Point.fr<\/div>\n<div><\/div>\n<div><a href=\"https:\/\/www.worldpolicyconference.com\/wp-content\/uploads\/2019\/11\/ogm.jpg\"><img fetchpriority=\"high\" decoding=\"async\" class=\"alignnone size-full wp-image-13300\" src=\"https:\/\/www.worldpolicyconference.com\/wp-content\/uploads\/2019\/11\/ogm.jpg\" alt=\"\" width=\"660\" height=\"281\" srcset=\"https:\/\/www.worldpolicyconference.com\/wp-content\/uploads\/2019\/11\/ogm.jpg 660w, https:\/\/www.worldpolicyconference.com\/wp-content\/uploads\/2019\/11\/ogm-300x128.jpg 300w\" sizes=\"(max-width: 660px) 100vw, 660px\" \/><\/a><\/div>\n<div>\n<p>La tr\u00e8s grande majorit\u00e9 de ceux qui connaissent la g\u00e9n\u00e9tique non seulement ne s&rsquo;oppose pas, sous certaines conditions, \u00e0 la diffusion de plantes ou d&rsquo;animaux g\u00e9n\u00e9tiquement modifi\u00e9s, mais y voie au contraire la prometteuse solution \u00e0 de nombreuses questions d&rsquo;agronomie, dont le moindre recours aux produits phytosanitaires\u00a0; autrement dit, et tr\u00e8s s\u00e9rieusement\u00a0: si on craint les pesticides, on doit \u00eatre pour les OGM.<\/p>\n<p>La population ne partage pas ce point de vue. Ainsi, \u00e0 un r\u00e9cent d\u00e9jeuner d&rsquo;un colloque scientifique, une des organisatrices voyant des g\u00e2teaux dont le gla\u00e7age ne devait pas grand&#8230;<\/p>\n<p><a href=\"https:\/\/www.lepoint.fr\/debats\/jean-de-kervasdoue-nous-sommes-tous-des-ogm-04-11-2019-2345189_2.php\"><em>Lire la suite de l&rsquo;article sur Le Point<\/em><\/a><\/p>\n<\/div>\n","protected":false},"excerpt":{"rendered":"<p>CHRONIQUE. Toutes les semences modifi\u00e9es sont-elles dangereuses\u00a0? Le m\u00e9canisme de transmission du patrimoine g\u00e9n\u00e9tique est d\u00e9j\u00e0 producteur de diversit\u00e9\u00a0! Par Jean de Kervasdou\u00e9\u00a0 Publi\u00e9 le\u00a004\/11\/2019 \u00e0 20:00\u00a0| Le Point.fr La<\/p>\n","protected":false},"author":3,"featured_media":13300,"comment_status":"closed","ping_status":"closed","sticky":false,"template":"","format":"standard","meta":{"footnotes":""},"categories":[23],"tags":[30],"class_list":["post-13299","post","type-post","status-publish","format-standard","has-post-thumbnail","hentry","category-news-room","tag-30"],"_links":{"self":[{"href":"https:\/\/www.worldpolicyconference.com\/fr\/wp-json\/wp\/v2\/posts\/13299","targetHints":{"allow":["GET"]}}],"collection":[{"href":"https:\/\/www.worldpolicyconference.com\/fr\/wp-json\/wp\/v2\/posts"}],"about":[{"href":"https:\/\/www.worldpolicyconference.com\/fr\/wp-json\/wp\/v2\/types\/post"}],"author":[{"embeddable":true,"href":"https:\/\/www.worldpolicyconference.com\/fr\/wp-json\/wp\/v2\/users\/3"}],"replies":[{"embeddable":true,"href":"https:\/\/www.worldpolicyconference.com\/fr\/wp-json\/wp\/v2\/comments?post=13299"}],"version-history":[{"count":0,"href":"https:\/\/www.worldpolicyconference.com\/fr\/wp-json\/wp\/v2\/posts\/13299\/revisions"}],"wp:featuredmedia":[{"embeddable":true,"href":"https:\/\/www.worldpolicyconference.com\/fr\/wp-json\/wp\/v2\/media\/13300"}],"wp:attachment":[{"href":"https:\/\/www.worldpolicyconference.com\/fr\/wp-json\/wp\/v2\/media?parent=13299"}],"wp:term":[{"taxonomy":"category","embeddable":true,"href":"https:\/\/www.worldpolicyconference.com\/fr\/wp-json\/wp\/v2\/categories?post=13299"},{"taxonomy":"post_tag","embeddable":true,"href":"https:\/\/www.worldpolicyconference.com\/fr\/wp-json\/wp\/v2\/tags?post=13299"}],"curies":[{"name":"wp","href":"https:\/\/api.w.org\/{rel}","templated":true}]}}