{"id":13307,"date":"2019-11-12T14:40:10","date_gmt":"2019-11-12T13:40:10","guid":{"rendered":"https:\/\/www.worldpolicyconference.com\/?p=13307"},"modified":"2020-04-28T11:42:18","modified_gmt":"2020-04-28T10:42:18","slug":"ministre-des-affaires-etrangeres-espagnol-rien-ne-justifie-les-violences-en-catalogne","status":"publish","type":"post","link":"https:\/\/www.worldpolicyconference.com\/fr\/ministre-des-affaires-etrangeres-espagnol-rien-ne-justifie-les-violences-en-catalogne\/","title":{"rendered":"Josep Borrell, ministre des Affaires \u00e9trang\u00e8res espagnol : \u00ab\u00a0Rien ne justifie les violences en Catalogne\u00a0\u00bb"},"content":{"rendered":"<div class=\"m-content-authors\">\n<div class=\"m-author-n-reading-time\">\n<div class=\"m-author-n-reading-time__authors\">\n<div><span class=\"m-pub-dates__date\">Publi\u00e9 le :\u00a0<time datetime=\"2019-11-04T14:37:56+00:00\">04\/11\/2019 &#8211; 15:37<\/time><\/span><span class=\"m-pub-dates__date\">Modifi\u00e9 le :\u00a0<time datetime=\"2019-11-04T15:15:21+00:00\">04\/11\/2019 &#8211; 16:15<\/time><\/span><\/div>\n<div class=\"m-from-author\"><a class=\"m-from-author__name\" title=\"Caroline DE CAMARET\" href=\"https:\/\/www.france24.com\/fr\/caroline-camaret-0\">Caroline DE CAMARET &#8211; France 24<\/a><\/div>\n<\/div>\n<\/div>\n<\/div>\n<div><\/div>\n<p><a href=\"https:\/\/www.france24.com\/fr\/20191104-entretien-josep-borrell-ministre-affaires-etrangeres-espagne-catalogne-violence-independant\"><img fetchpriority=\"high\" decoding=\"async\" class=\"alignnone size-full wp-image-13308\" src=\"https:\/\/www.worldpolicyconference.com\/wp-content\/uploads\/2019\/11\/josep_borrell_france24.png\" alt=\"\" width=\"991\" height=\"563\" srcset=\"https:\/\/www.worldpolicyconference.com\/wp-content\/uploads\/2019\/11\/josep_borrell_france24.png 991w, https:\/\/www.worldpolicyconference.com\/wp-content\/uploads\/2019\/11\/josep_borrell_france24-300x170.png 300w, https:\/\/www.worldpolicyconference.com\/wp-content\/uploads\/2019\/11\/josep_borrell_france24-768x436.png 768w\" sizes=\"(max-width: 706px) 89vw, (max-width: 767px) 82vw, 740px\" \/><\/a><\/p>\n<p class=\"t-content__chapo\">Dans un entretien accord\u00e9 \u00e0 France 24, le ministre des Affaires \u00e9trang\u00e8res espagnol, le Catalan Josep Borrell, revient sur les manifestations ind\u00e9pendantistes et les violences qui ont suivi la condamnation par la Cour supr\u00eame de neuf leaders s\u00e9paratistes \u00e0 des peines de prison le 14 octobre. Il affirme par ailleurs que les socialistes, s\u2019ils arrivent en t\u00eate des l\u00e9gislatives de dimanche 10 novembre, excluent toute \u00ab\u00a0grande coalition\u00a0\u00bb avec la droite pour gouverner.<\/p>\n<p>Une \u00e9mission pr\u00e9par\u00e9e par Narim\u00e8ne Laouadi et Morgane Minair.<\/p>\n<p><a href=\"https:\/\/www.france24.com\/fr\/20191104-entretien-josep-borrell-ministre-affaires-etrangeres-espagne-catalogne-violence-independant\">Visionner la vid\u00e9o sur France 24<\/a><\/p>\n","protected":false},"excerpt":{"rendered":"<p>Publi\u00e9 le :\u00a004\/11\/2019 &#8211; 15:37Modifi\u00e9 le :\u00a004\/11\/2019 &#8211; 16:15 Caroline DE CAMARET &#8211; France 24 Dans un entretien accord\u00e9 \u00e0 France 24, le ministre des Affaires \u00e9trang\u00e8res espagnol, le Catalan<\/p>\n","protected":false},"author":3,"featured_media":13308,"comment_status":"closed","ping_status":"closed","sticky":false,"template":"","format":"standard","meta":{"footnotes":""},"categories":[23],"tags":[30],"class_list":["post-13307","post","type-post","status-publish","format-standard","has-post-thumbnail","hentry","category-news-room","tag-30"],"_links":{"self":[{"href":"https:\/\/www.worldpolicyconference.com\/fr\/wp-json\/wp\/v2\/posts\/13307","targetHints":{"allow":["GET"]}}],"collection":[{"href":"https:\/\/www.worldpolicyconference.com\/fr\/wp-json\/wp\/v2\/posts"}],"about":[{"href":"https:\/\/www.worldpolicyconference.com\/fr\/wp-json\/wp\/v2\/types\/post"}],"author":[{"embeddable":true,"href":"https:\/\/www.worldpolicyconference.com\/fr\/wp-json\/wp\/v2\/users\/3"}],"replies":[{"embeddable":true,"href":"https:\/\/www.worldpolicyconference.com\/fr\/wp-json\/wp\/v2\/comments?post=13307"}],"version-history":[{"count":0,"href":"https:\/\/www.worldpolicyconference.com\/fr\/wp-json\/wp\/v2\/posts\/13307\/revisions"}],"wp:featuredmedia":[{"embeddable":true,"href":"https:\/\/www.worldpolicyconference.com\/fr\/wp-json\/wp\/v2\/media\/13308"}],"wp:attachment":[{"href":"https:\/\/www.worldpolicyconference.com\/fr\/wp-json\/wp\/v2\/media?parent=13307"}],"wp:term":[{"taxonomy":"category","embeddable":true,"href":"https:\/\/www.worldpolicyconference.com\/fr\/wp-json\/wp\/v2\/categories?post=13307"},{"taxonomy":"post_tag","embeddable":true,"href":"https:\/\/www.worldpolicyconference.com\/fr\/wp-json\/wp\/v2\/tags?post=13307"}],"curies":[{"name":"wp","href":"https:\/\/api.w.org\/{rel}","templated":true}]}}