{"id":1332,"date":"2014-05-12T11:13:17","date_gmt":"2014-05-12T10:13:17","guid":{"rendered":"http:\/\/www.worldpolicyconference.com\/gregor-woschnagg\/"},"modified":"2020-06-22T16:47:31","modified_gmt":"2020-06-22T15:47:31","slug":"gregor-woschnagg","status":"publish","type":"post","link":"https:\/\/www.worldpolicyconference.com\/fr\/gregor-woschnagg\/","title":{"rendered":"Gregor Woschnagg"},"content":{"rendered":"<p><\/p>\n<p style=\"text-align: justify;\">Conseiller du Conseil d&rsquo;administration de la F\u00e9d\u00e9ration de l&rsquo;industrie autrichienne. Il a travaill\u00e9 \u00e0 la repr\u00e9sentation de l\u2019Autriche aupr\u00e8s des Nations Unies \u00e0 New-York (1968-1973) puis \u00e0 l\u2019ambassade au Caire (1975). Il a \u00e9t\u00e9 ambassadeur \u00e0 Nairobi et repr\u00e9sentant permanent aupr\u00e8s du Programme des Nations Unies pour l\u2019environnement et de celui pour les \u00e9tablissements humains. Il a \u00e9t\u00e9 chef du secr\u00e9tariat g\u00e9n\u00e9ral du minist\u00e8re des Affaires \u00e9trang\u00e8res. Il a dirig\u00e9 la Repr\u00e9sentation permanente de l\u2019Autriche aupr\u00e8s de l\u2019UE (1999-2007). Il est dipl\u00f4m\u00e9 en droit des universit\u00e9s de Vienne, de Grenoble et de Cambridge, ainsi que du Coll\u00e8ge de Bruges en droit communautaire et en \u00e9conomie.<\/p>\n<p><\/p>","protected":false},"excerpt":{"rendered":"<p>Conseiller du Conseil d&rsquo;administration de la F\u00e9d\u00e9ration de l&rsquo;industrie autrichienne. Il a travaill\u00e9 \u00e0 la repr\u00e9sentation de l\u2019Autriche aupr\u00e8s des Nations Unies \u00e0 New-York (1968-1973) puis \u00e0 l\u2019ambassade au Caire<\/p>\n","protected":false},"author":1,"featured_media":9289,"comment_status":"closed","ping_status":"open","sticky":false,"template":"","format":"standard","meta":{"footnotes":""},"categories":[8],"tags":[14],"class_list":["post-1332","post","type-post","status-publish","format-standard","has-post-thumbnail","hentry","category-invited-guests","tag-14"],"_links":{"self":[{"href":"https:\/\/www.worldpolicyconference.com\/fr\/wp-json\/wp\/v2\/posts\/1332","targetHints":{"allow":["GET"]}}],"collection":[{"href":"https:\/\/www.worldpolicyconference.com\/fr\/wp-json\/wp\/v2\/posts"}],"about":[{"href":"https:\/\/www.worldpolicyconference.com\/fr\/wp-json\/wp\/v2\/types\/post"}],"author":[{"embeddable":true,"href":"https:\/\/www.worldpolicyconference.com\/fr\/wp-json\/wp\/v2\/users\/1"}],"replies":[{"embeddable":true,"href":"https:\/\/www.worldpolicyconference.com\/fr\/wp-json\/wp\/v2\/comments?post=1332"}],"version-history":[{"count":0,"href":"https:\/\/www.worldpolicyconference.com\/fr\/wp-json\/wp\/v2\/posts\/1332\/revisions"}],"wp:featuredmedia":[{"embeddable":true,"href":"https:\/\/www.worldpolicyconference.com\/fr\/wp-json\/wp\/v2\/media\/9289"}],"wp:attachment":[{"href":"https:\/\/www.worldpolicyconference.com\/fr\/wp-json\/wp\/v2\/media?parent=1332"}],"wp:term":[{"taxonomy":"category","embeddable":true,"href":"https:\/\/www.worldpolicyconference.com\/fr\/wp-json\/wp\/v2\/categories?post=1332"},{"taxonomy":"post_tag","embeddable":true,"href":"https:\/\/www.worldpolicyconference.com\/fr\/wp-json\/wp\/v2\/tags?post=1332"}],"curies":[{"name":"wp","href":"https:\/\/api.w.org\/{rel}","templated":true}]}}