{"id":13320,"date":"2019-11-12T15:11:46","date_gmt":"2019-11-12T14:11:46","guid":{"rendered":"https:\/\/www.worldpolicyconference.com\/?p=13320"},"modified":"2020-04-28T11:30:11","modified_gmt":"2020-04-28T10:30:11","slug":"mur-de-berlin-30-ans-apres-lallemagne-se-cherche-un-nouveau-destin","status":"publish","type":"post","link":"https:\/\/www.worldpolicyconference.com\/fr\/mur-de-berlin-30-ans-apres-lallemagne-se-cherche-un-nouveau-destin\/","title":{"rendered":"Thierry de Montbrial &#8211; Mur de Berlin: 30 ans apr\u00e8s, l&rsquo;Allemagne se cherche un nouveau destin"},"content":{"rendered":"<p><span style=\"font-size: 1rem;\">07.11.2019 &#8211; Challenges<\/span><\/p>\n<p>Par\u00a0Sabine Syfuss-Arnaud\u00a0et\u00a0Pierre-Henri de Menthon<\/p>\n<div class=\"article-start\">\n<div class=\"article-chapo\">\n<p>INTERVIEW CROISEE\u00a0&#8211; Franziska Brantner, d\u00e9put\u00e9e verte au Bundestag dialogue avec Thierry de Montbrial, fondateur de l\u2019Institut fran\u00e7ais des relations internationales sur la\u00a0place de l&rsquo;Allemagne, trente ans apr\u00e8s la chute du mur de Berlin.<\/p>\n<\/div>\n<\/div>\n<div class=\"article-image\">\n<div class=\"in\"><img decoding=\"async\" class=\" lazyloaded\" src=\"https:\/\/www.challenges.fr\/assets\/img\/2019\/11\/06\/cover-r4x3w1000-5dc303bf377d5-rea-280656-039.jpg\" alt=\"Franziska Brantner et Thierry de Montbrial\u00a0\" data-src=\"https:\/\/www.challenges.fr\/assets\/img\/2019\/11\/06\/cover-r4x3w1000-5dc303bf377d5-rea-280656-039.jpg\" \/><\/div>\n<div>\n<p>De gauche \u00e0 droite:\u00a0FRANZISKA BRANTNER ET THIERRY DE MONTBRIAL<\/p>\n<div class=\"wrap-to-row\">DOMINIK BUTZMANN\/LAIF POUR CHALLENGES<\/div>\n<div><\/div>\n<\/div>\n<div>Franziska Brantner, d\u00e9put\u00e9e verte et \u00e9toile montante de la politique allemande, partage pour\u00a0<em>Challenges<\/em>\u00a0sa vision du monde avec Thierry de Montbrial, fondateur de l\u2019Institut fran\u00e7ais des relations internationales.<\/div>\n<\/div>\n<div><\/div>\n<div>\n<p><strong>Challenges &#8211; Que reste-t-il de l\u2019enthousiasme de la nuit du 9 novembre 1989?<\/strong><\/p>\n<p><strong>Franziska Brantner<\/strong>\u00a0&#8211; Il reste encore des diff\u00e9rences entre l\u2019est et l\u2019ouest. Certes il y a eu beaucoup d\u2019\u00e9changes. Mais on a peu appris les uns des autres. Il y a m\u00eame de la nostalgie de l\u2019\u00e9poque pr\u00e9c\u00e9dente. Nous demandons un vrai travail de transparence sur ce pass\u00e9. Il ne faut pas laisser ce travail de m\u00e9moire et d\u2019auto-r\u00e9flexion \u00e0 l\u2019extr\u00eame droite. Pour beaucoup, la r\u00e9unification<strong>\u00a0<\/strong>ce sont les enfants qui partent et les petits-enfants qui vivent ailleurs. Le d\u00e9bat sur le devenir des \u00eatres humains ne peut \u00eatre r\u00e9sum\u00e9 au taux de ch\u00f4mage aux centres-villes bien r\u00e9nov\u00e9s. N\u2019oublions pas qu\u2019il n\u2019y a pas eu de mai 1968 chez nous.<\/p>\n<p><strong>Thierry de Montbrial &#8211;<\/strong>\u00a0C\u2019est un sujet tout \u00e0 fait passionnant. La nostalgie? Une forme d\u2019id\u00e9alisation qui\u00a0est partout pr\u00e9sente, particuli\u00e8rement en Russie. Elle est li\u00e9e aux difficult\u00e9s objectives qui sont celles de l\u2019adaptation \u00e0 la mondialisation. Tout cela se conjugue.<\/p>\n<p><strong>Les Allemands peuvent-ils \u00e0 nouveau \u00eatre fiers d\u2019eux?<\/strong><\/p>\n<p>[&#8230;]<\/p>\n<p><a href=\"https:\/\/www.challenges.fr\/monde\/europe\/mur-de-berlin-30-ans-apres-l-allemagne-se-cherche-un-nouveau-destin_683462\">Lire l&rsquo;article sur Challenges<\/a><\/p>\n<\/div>\n","protected":false},"excerpt":{"rendered":"<p>07.11.2019 &#8211; Challenges Par\u00a0Sabine Syfuss-Arnaud\u00a0et\u00a0Pierre-Henri de Menthon INTERVIEW CROISEE\u00a0&#8211; Franziska Brantner, d\u00e9put\u00e9e verte au Bundestag dialogue avec Thierry de Montbrial, fondateur de l\u2019Institut fran\u00e7ais des relations internationales sur la\u00a0place de<\/p>\n","protected":false},"author":3,"featured_media":13321,"comment_status":"closed","ping_status":"closed","sticky":false,"template":"","format":"standard","meta":{"footnotes":""},"categories":[23],"tags":[30],"class_list":["post-13320","post","type-post","status-publish","format-standard","has-post-thumbnail","hentry","category-news-room","tag-30"],"_links":{"self":[{"href":"https:\/\/www.worldpolicyconference.com\/fr\/wp-json\/wp\/v2\/posts\/13320","targetHints":{"allow":["GET"]}}],"collection":[{"href":"https:\/\/www.worldpolicyconference.com\/fr\/wp-json\/wp\/v2\/posts"}],"about":[{"href":"https:\/\/www.worldpolicyconference.com\/fr\/wp-json\/wp\/v2\/types\/post"}],"author":[{"embeddable":true,"href":"https:\/\/www.worldpolicyconference.com\/fr\/wp-json\/wp\/v2\/users\/3"}],"replies":[{"embeddable":true,"href":"https:\/\/www.worldpolicyconference.com\/fr\/wp-json\/wp\/v2\/comments?post=13320"}],"version-history":[{"count":0,"href":"https:\/\/www.worldpolicyconference.com\/fr\/wp-json\/wp\/v2\/posts\/13320\/revisions"}],"wp:featuredmedia":[{"embeddable":true,"href":"https:\/\/www.worldpolicyconference.com\/fr\/wp-json\/wp\/v2\/media\/13321"}],"wp:attachment":[{"href":"https:\/\/www.worldpolicyconference.com\/fr\/wp-json\/wp\/v2\/media?parent=13320"}],"wp:term":[{"taxonomy":"category","embeddable":true,"href":"https:\/\/www.worldpolicyconference.com\/fr\/wp-json\/wp\/v2\/categories?post=13320"},{"taxonomy":"post_tag","embeddable":true,"href":"https:\/\/www.worldpolicyconference.com\/fr\/wp-json\/wp\/v2\/tags?post=13320"}],"curies":[{"name":"wp","href":"https:\/\/api.w.org\/{rel}","templated":true}]}}