{"id":13331,"date":"2019-11-12T15:38:01","date_gmt":"2019-11-12T14:38:01","guid":{"rendered":"https:\/\/www.worldpolicyconference.com\/?p=13331"},"modified":"2020-04-28T11:08:53","modified_gmt":"2020-04-28T10:08:53","slug":"les-economistes-francais-en-amerique-ont-la-cote","status":"publish","type":"post","link":"https:\/\/www.worldpolicyconference.com\/fr\/les-economistes-francais-en-amerique-ont-la-cote\/","title":{"rendered":"Olivier Blanchard &#8211; Les \u00e9conomistes fran\u00e7ais en Am\u00e9rique ont la cote"},"content":{"rendered":"<p>08.11.2019<\/p>\n<p>Confluences<\/p>\n<p><a href=\"https:\/\/www.worldpolicyconference.com\/wp-content\/uploads\/2019\/11\/confluences_economistes_francais.png\"><img fetchpriority=\"high\" decoding=\"async\" class=\"alignnone size-full wp-image-13332\" src=\"https:\/\/www.worldpolicyconference.com\/wp-content\/uploads\/2019\/11\/confluences_economistes_francais.png\" alt=\"\" width=\"960\" height=\"470\" srcset=\"https:\/\/www.worldpolicyconference.com\/wp-content\/uploads\/2019\/11\/confluences_economistes_francais.png 960w, https:\/\/www.worldpolicyconference.com\/wp-content\/uploads\/2019\/11\/confluences_economistes_francais-300x147.png 300w, https:\/\/www.worldpolicyconference.com\/wp-content\/uploads\/2019\/11\/confluences_economistes_francais-768x376.png 768w\" sizes=\"(max-width: 706px) 89vw, (max-width: 767px) 82vw, 740px\" \/><\/a><\/p>\n<p><strong>Selon le journal le Monde, les \u00e9conomistes fran\u00e7ais et leurs travaux sont \u00e0 la mode outre-Atlantique. Et leur apport pourrait r\u00e9volutionner la pens\u00e9e \u00e9conomique mondiale.<\/strong><\/p>\n<p>Esther Duflo, Gabriel Zucman, Emmanuel Saez, Thomas Philippon,\u00a0<a href=\"https:\/\/www.confluences.fr\/2019\/11\/fanatisme-fiscal-prosperite\/\" target=\"_blank\" rel=\"noopener noreferrer\">Thomas Piketty<\/a>, Philippe Aghion, <strong>Olivier Blanchard<\/strong>\u2026 Dans l\u2019Am\u00e9rique de Donald Trump, les \u00e9conomistes fran\u00e7ais\u00a0<a href=\"https:\/\/www.lemonde.fr\/economie\/article\/2019\/11\/04\/l-incroyable-succes-des-economistes-francais-aux-etats-unis_6017905_3234.html\">sont \u00e0 la mode<\/a>. Ils publient des ouvrages \u00e0 succ\u00e8s (<em>le Capital au XXIe si\u00e8cle<\/em>\u00a0pour Piketty,\u00a0<em>le Triomphe de l\u2019injustice<\/em>\u00a0pour Zucman et Saez), enseignent dans les \u00e9tablissements les plus prestigieux (Philippon \u00e0 New York University, Aghion \u00e0 Harvard), travaillent pour les principales institutions internationales (<strong>Blanchard, ancien \u00e9conomiste en chef du FMI<\/strong>) et gagnent parfois le prix Nobel (Esther Duflo).<\/p>\n<p>Mais ce n\u2019est pas tout. Si Zucman et Saez affirment que, gr\u00e2ce \u00e0 la r\u00e9forme du locataire de la Maison-Blanche, les 400 premi\u00e8res fortunes am\u00e9ricaines paient un imp\u00f4t sur le revenu proportionnellement inf\u00e9rieur \u00e0 la moyenne des Am\u00e9ricains, Philippon d\u00e9nonce \u00ab\u00a0<em>la cartellisation de l\u2019\u00e9conomie<\/em>\u00a0\u00bb. Duflo, ancienne conseill\u00e8re de Barack Obama,\u00a0<a href=\"https:\/\/www.huffingtonpost.fr\/entry\/esther-duflo-prix-nobel-economie-une-reussite-francaise-hors-du-commun_fr_5da44957e4b087efdbb1b5aa\">se dit<\/a>\u00a0quant \u00e0 elle \u00ab\u00a0<em>mue par un d\u00e9sir profond d\u2019am\u00e9liorer le quotidien des populations pauvres<\/em>\u00a0\u00bb, tandis que Piketty, cela est d\u00e9sormais bien connu,\u00a0<a href=\"https:\/\/www.capital.fr\/economie-politique\/dans-son-nouveau-livre-piketty-appelle-a-depasser-lhyper-capitalisme-1349889\">veut<\/a>\u00a0\u00ab\u00a0<em>d\u00e9passer l\u2019hyper-capitalisme et lutter contre les in\u00e9galit\u00e9s\u00a0<\/em>\u00bb.<\/p>\n<p>Les \u00e9conomistes fran\u00e7ais sont-ils en train de r\u00e9volutionner la pens\u00e9e \u00e9conomique mondiale\u00a0? Ce qui est certain, c\u2019est qu\u2019ils ont une certaine \u00ab\u00a0vision du monde\u00a0\u00bb, explique le\u00a0<em>Monde<\/em>, pour qui les Fran\u00e7ais \u00ab\u00a0<em>ne cherchent pas l\u2019art pour l\u2019art<\/em>\u00a0\u00bb. Certes, ils sont connus pour leur connaissance des math\u00e9matiques, \u00ab\u00a0<em>bien meilleure en France qu\u2019aux \u00c9tats-Unis<\/em>\u00a0\u00bb. Mais pour les Fran\u00e7ais, \u00ab\u00a0<em>la th\u00e9orie n\u2019est qu\u2019un instrument<\/em>\u00a0\u00bb, pr\u00e9cise Daniel Cohen, qui fut leur professeur \u00e0 l\u2019\u00c9cole normale sup\u00e9rieure. Selon le ma\u00eetre, les \u00e9conomistes made in France viennent \u00e0 l\u2019\u00e9conomie \u00ab\u00a0<em>avec un but, la compr\u00e9hension du monde<\/em>\u00a0\u00bb.<\/p>\n<h2><strong>CHANGEMENT CULTUREL<\/strong><\/h2>\n<p>Thomas Philippon ne dit pas autre chose \u00e0 propos des \u00e9conomistes fran\u00e7ais. \u00ab\u00a0<em>C\u2019est notre c\u00f4t\u00e9 Zola\u00a0: nous pensons qu\u2019un intellectuel doit \u00eatre dans le d\u00e9bat public. Nous avons l\u2019orgueil de penser que nous avons quelque chose \u00e0 dire et qu\u2019il faut sortir de notre tour d\u2019ivoire\u00a0<\/em>\u00bb, confie-t-il.<\/p>\n<p>Surtout, cette g\u00e9n\u00e9ration de Frenchies\u00a0arrive apr\u00e8s la crise financi\u00e8re qui a \u00e9branl\u00e9 les fondements de la vision lib\u00e9rale de l\u2019\u00e9conomie, incarn\u00e9e par l\u2019\u00e9cole de Chicago. Celle-ci a en effet \u00ab\u00a0<em>pris un formidable seau d\u2019eau froide avec la crise de 2008<\/em>\u00a0\u00bb, souligne Daniel Cohen. R\u00e9sultat\u00a0: les questions li\u00e9es \u00e0 la lutte contre les in\u00e9galit\u00e9s, la croissance \u00e9quitable, la flexibilit\u00e9 budg\u00e9taire, l\u2019aide au d\u00e9veloppement ou encore la taxation des hauts revenus hantent les esprits. Par ailleurs, les grands patrons am\u00e9ricains appellent les entreprises\u00a0<a href=\"https:\/\/www.lopinion.fr\/edition\/economie\/grands-patrons-americains-appellent-secteur-prive-a-plus-195212\">\u00e0 plus de responsabilit\u00e9 sociale<\/a>\u00a0: une premi\u00e8re et un v\u00e9ritable changement culturel. Ceci \u00e0 un an de l\u2019\u00e9lection pr\u00e9sidentielle am\u00e9ricaine.<\/p>\n<p>Or, si les \u00e9conomistes am\u00e9ricains sont souvent \u00ab\u00a0<em>prisonniers des contraintes politiques qu\u2019ils ont per\u00e7ues \u00e0 Washington<\/em>\u00a0\u00bb, les \u00e9trangers, eux, \u00ab\u00a0<em>n\u2019appartiennent pas \u00e0 l\u2019establishment<\/em>\u00a0\u00bb, analyse Gabriel Zucman. Ils sont ainsi \u00ab\u00a0<em>moins impr\u00e9gn\u00e9s de l\u2019id\u00e9ologie dominante<\/em>\u00a0\u00bb.<\/p>\n<p>Serait-ce l\u2019av\u00e8nement d\u2019une nouvelle \u00e8re post-lib\u00e9rale\u00a0? Peut-\u00eatre, et elle pourrait bien d\u00e9marrer de l\u2019autre c\u00f4t\u00e9 de l\u2019Atlantique.<\/p>\n<p><a href=\"https:\/\/www.confluences.fr\/2019\/11\/economistes-francais-amerique-cote\/\">Lire l&rsquo;article sur Confluences<\/a><\/p>\n","protected":false},"excerpt":{"rendered":"<p>08.11.2019 Confluences Selon le journal le Monde, les \u00e9conomistes fran\u00e7ais et leurs travaux sont \u00e0 la mode outre-Atlantique. Et leur apport pourrait r\u00e9volutionner la pens\u00e9e \u00e9conomique mondiale. Esther Duflo, Gabriel<\/p>\n","protected":false},"author":3,"featured_media":13332,"comment_status":"closed","ping_status":"closed","sticky":false,"template":"","format":"standard","meta":{"footnotes":""},"categories":[23],"tags":[30],"class_list":["post-13331","post","type-post","status-publish","format-standard","has-post-thumbnail","hentry","category-news-room","tag-30"],"_links":{"self":[{"href":"https:\/\/www.worldpolicyconference.com\/fr\/wp-json\/wp\/v2\/posts\/13331","targetHints":{"allow":["GET"]}}],"collection":[{"href":"https:\/\/www.worldpolicyconference.com\/fr\/wp-json\/wp\/v2\/posts"}],"about":[{"href":"https:\/\/www.worldpolicyconference.com\/fr\/wp-json\/wp\/v2\/types\/post"}],"author":[{"embeddable":true,"href":"https:\/\/www.worldpolicyconference.com\/fr\/wp-json\/wp\/v2\/users\/3"}],"replies":[{"embeddable":true,"href":"https:\/\/www.worldpolicyconference.com\/fr\/wp-json\/wp\/v2\/comments?post=13331"}],"version-history":[{"count":0,"href":"https:\/\/www.worldpolicyconference.com\/fr\/wp-json\/wp\/v2\/posts\/13331\/revisions"}],"wp:featuredmedia":[{"embeddable":true,"href":"https:\/\/www.worldpolicyconference.com\/fr\/wp-json\/wp\/v2\/media\/13332"}],"wp:attachment":[{"href":"https:\/\/www.worldpolicyconference.com\/fr\/wp-json\/wp\/v2\/media?parent=13331"}],"wp:term":[{"taxonomy":"category","embeddable":true,"href":"https:\/\/www.worldpolicyconference.com\/fr\/wp-json\/wp\/v2\/categories?post=13331"},{"taxonomy":"post_tag","embeddable":true,"href":"https:\/\/www.worldpolicyconference.com\/fr\/wp-json\/wp\/v2\/tags?post=13331"}],"curies":[{"name":"wp","href":"https:\/\/api.w.org\/{rel}","templated":true}]}}