{"id":13337,"date":"2019-11-12T15:52:49","date_gmt":"2019-11-12T14:52:49","guid":{"rendered":"https:\/\/www.worldpolicyconference.com\/?p=13337"},"modified":"2020-04-23T16:21:57","modified_gmt":"2020-04-23T15:21:57","slug":"un-monde-de-murs-la-figure-du-mur-est-supposee-colmater-les-angoisses","status":"publish","type":"post","link":"https:\/\/www.worldpolicyconference.com\/fr\/un-monde-de-murs-la-figure-du-mur-est-supposee-colmater-les-angoisses\/","title":{"rendered":"Michel Foucher &#8211; Un monde de murs : \u00ab La figure du mur est suppos\u00e9e colmater les angoisses \u00bb"},"content":{"rendered":"<p>08.11.2019 &#8211; Le Soir<\/p>\n<p>WILLIAM BOURTON<\/p>\n<p>1989-2019. Pour le g\u00e9ographe <strong>Michel Foucher<\/strong>, le Mur de Berlin fut un cas unique et y faire r\u00e9f\u00e9rence pour \u00e9voquer l\u2019\u00e9volution des fronti\u00e8res et des migrations n\u2019a gu\u00e8re de sens.<\/p>\n<p><a href=\"https:\/\/www.worldpolicyconference.com\/wp-content\/uploads\/2019\/11\/michel_foucher.jpg\"><img fetchpriority=\"high\" decoding=\"async\" class=\"alignnone size-full wp-image-13338\" src=\"https:\/\/www.worldpolicyconference.com\/wp-content\/uploads\/2019\/11\/michel_foucher.jpg\" alt=\"\" width=\"1190\" height=\"669\" srcset=\"https:\/\/www.worldpolicyconference.com\/wp-content\/uploads\/2019\/11\/michel_foucher.jpg 1190w, https:\/\/www.worldpolicyconference.com\/wp-content\/uploads\/2019\/11\/michel_foucher-300x169.jpg 300w, https:\/\/www.worldpolicyconference.com\/wp-content\/uploads\/2019\/11\/michel_foucher-768x432.jpg 768w, https:\/\/www.worldpolicyconference.com\/wp-content\/uploads\/2019\/11\/michel_foucher-1024x576.jpg 1024w\" sizes=\"(max-width: 706px) 89vw, (max-width: 767px) 82vw, 740px\" \/><\/a><\/p>\n<p>Pour Michel Foucher, la r\u00e9f\u00e9rence au Mur de Berlin n\u2019a gu\u00e8re de sens lorsqu\u2019on a affaire \u00e0 des dispositifs s\u00e9curitaires ou anti-migratoires. &#8211; D.R.<\/p>\n<div class=\"panel-pane pane-node-content\">\n<article>\n<div class=\"gr-article-content gr-paywall-fade\">\n<p><span class=\"drop-cap\">ENTRETIEN &#8211; \u00c0\u00a0<\/span>la fin du XXe \u00a0si\u00e8cle, d\u2019aucuns ont tir\u00e9 des cons\u00e9quences hyperboliques de la chute du Mur de Berlin et proph\u00e9tis\u00e9 ni plus ni moins que \u00ab\u00a0la fin de l\u2019Histoire\u00a0\u00bb et la victoire plan\u00e9taire de la d\u00e9mocratie lib\u00e9rale. Dans ces conditions, les \u00ab\u00a0murs\u00a0\u00bb entre les nations \u00e9taient progressivement appel\u00e9s \u00e0 dispara\u00eetre\u2026 Cette utopie a fait long feu. Pour autant, les peuples se sont-ils barricad\u00e9s entre eux\u00a0? Nous avons interrog\u00e9 le g\u00e9ographe et diplomate fran\u00e7ais Michel Foucher, un des meilleurs sp\u00e9cialistes mondiaux des fronti\u00e8res.<\/p>\n<\/div>\n<\/article>\n<\/div>\n<div class=\"sitePaywall\">\n<div id=\"paywallvisu1\" class=\"panel-pane pane-ena-paywall-block gr-paywall-block\">\n<div id=\"paywall V1\" class=\"gr-article-tronque\" data-gtm-vis-recent-on-screen-310502_479=\"110273\" data-gtm-vis-first-on-screen-310502_479=\"110273\" data-gtm-vis-total-visible-time-310502_479=\"100\" data-gtm-vis-has-fired-310502_479=\"1\">\n<div class=\"row\">\n<div class=\"gr-tronque-heading\">[&#8230;]<\/div>\n<div><\/div>\n<\/div>\n<div><a href=\"https:\/\/plus.lesoir.be\/259195\/article\/2019-11-08\/un-monde-de-murs-la-figure-du-mur-est-supposee-colmater-les-angoisses\">Lire l&rsquo;article sur Le Soir<\/a><\/div>\n<\/div>\n<\/div>\n<\/div>\n<p><\/p>","protected":false},"excerpt":{"rendered":"<p>08.11.2019 &#8211; Le Soir WILLIAM BOURTON 1989-2019. Pour le g\u00e9ographe Michel Foucher, le Mur de Berlin fut un cas unique et y faire r\u00e9f\u00e9rence pour \u00e9voquer l\u2019\u00e9volution des fronti\u00e8res et<\/p>\n","protected":false},"author":3,"featured_media":13338,"comment_status":"closed","ping_status":"closed","sticky":false,"template":"","format":"standard","meta":{"footnotes":""},"categories":[23],"tags":[30],"class_list":["post-13337","post","type-post","status-publish","format-standard","has-post-thumbnail","hentry","category-news-room","tag-30"],"_links":{"self":[{"href":"https:\/\/www.worldpolicyconference.com\/fr\/wp-json\/wp\/v2\/posts\/13337","targetHints":{"allow":["GET"]}}],"collection":[{"href":"https:\/\/www.worldpolicyconference.com\/fr\/wp-json\/wp\/v2\/posts"}],"about":[{"href":"https:\/\/www.worldpolicyconference.com\/fr\/wp-json\/wp\/v2\/types\/post"}],"author":[{"embeddable":true,"href":"https:\/\/www.worldpolicyconference.com\/fr\/wp-json\/wp\/v2\/users\/3"}],"replies":[{"embeddable":true,"href":"https:\/\/www.worldpolicyconference.com\/fr\/wp-json\/wp\/v2\/comments?post=13337"}],"version-history":[{"count":0,"href":"https:\/\/www.worldpolicyconference.com\/fr\/wp-json\/wp\/v2\/posts\/13337\/revisions"}],"wp:featuredmedia":[{"embeddable":true,"href":"https:\/\/www.worldpolicyconference.com\/fr\/wp-json\/wp\/v2\/media\/13338"}],"wp:attachment":[{"href":"https:\/\/www.worldpolicyconference.com\/fr\/wp-json\/wp\/v2\/media?parent=13337"}],"wp:term":[{"taxonomy":"category","embeddable":true,"href":"https:\/\/www.worldpolicyconference.com\/fr\/wp-json\/wp\/v2\/categories?post=13337"},{"taxonomy":"post_tag","embeddable":true,"href":"https:\/\/www.worldpolicyconference.com\/fr\/wp-json\/wp\/v2\/tags?post=13337"}],"curies":[{"name":"wp","href":"https:\/\/api.w.org\/{rel}","templated":true}]}}