{"id":1334,"date":"2014-05-12T11:13:45","date_gmt":"2014-05-12T10:13:45","guid":{"rendered":"http:\/\/www.worldpolicyconference.com\/fareed-yasseen\/"},"modified":"2026-04-23T14:57:23","modified_gmt":"2026-04-23T13:57:23","slug":"fareed-yasseen","status":"publish","type":"post","link":"https:\/\/www.worldpolicyconference.com\/fr\/fareed-yasseen\/","title":{"rendered":"Fareed Yasseen"},"content":{"rendered":"<p><\/p>\n<p style=\"text-align: justify;\"><span style=\"font-weight: 400;\">Ancien ambassadeur de la R\u00e9publique d\u2019Irak en France (2010-2016) puis aux \u00c9tats-Unis (2016-2022). Jusqu&rsquo;\u00e0 r\u00e9cemment il \u00e9tait \u00e9galement envoy\u00e9 pour le climat de l&rsquo;Irak (2023-2025). Il est actuellement secr\u00e9taire g\u00e9n\u00e9ral de l\u2019Association Pugwash d\u2019Irak, mouvement international de scientifiques consacr\u00e9 au d\u00e9sarmement nucl\u00e9aire et \u00e0 la s\u00e9curit\u00e9 internationale. Il a travaill\u00e9 et conseill\u00e9 plusieurs agences des Nations Unies et think tanks, dont le Secr\u00e9tariat de la Convention-cadre des Nations Unies sur les changements climatiques (CCNUCC). Il a occup\u00e9 le poste de chef du d\u00e9partement de la Prospective au minist\u00e8re des Affaires \u00e9trang\u00e8res et de conseiller diplomatique du vice-pr\u00e9sident Adil Abd al-Mahdi. Il est membre de l\u2019American Physical Society et de l\u2019International Institute for Strategic Studies. Il a \u00e9t\u00e9 nomm\u00e9 commandeur de la L\u00e9gion d\u2019honneur en 2016. Il a fait ses \u00e9tudes en Irak, en Suisse et aux \u00c9tats-Unis. Il est dipl\u00f4m\u00e9 de l\u2019\u00c9cole polytechnique f\u00e9d\u00e9rale de Lausanne et du Massachusetts Institute of Technology. Il est \u00e0 pr\u00e9sent actif dans la diplomatie parall\u00e8le.<\/span><\/p>\n<p><\/p>","protected":false},"excerpt":{"rendered":"<p>Ancien ambassadeur de la R\u00e9publique d\u2019Irak en France (2010-2016) puis aux \u00c9tats-Unis (2016-2022). Jusqu&rsquo;\u00e0 r\u00e9cemment il \u00e9tait \u00e9galement envoy\u00e9 pour le climat de l&rsquo;Irak (2023-2025). Il est actuellement secr\u00e9taire g\u00e9n\u00e9ral<\/p>\n","protected":false},"author":1,"featured_media":17874,"comment_status":"closed","ping_status":"open","sticky":false,"template":"","format":"standard","meta":{"footnotes":""},"categories":[8],"tags":[14,10,127,155,157],"class_list":["post-1334","post","type-post","status-publish","format-standard","has-post-thumbnail","hentry","category-invited-guests","tag-14","tag-10","tag-127","tag-155","tag-157"],"_links":{"self":[{"href":"https:\/\/www.worldpolicyconference.com\/fr\/wp-json\/wp\/v2\/posts\/1334","targetHints":{"allow":["GET"]}}],"collection":[{"href":"https:\/\/www.worldpolicyconference.com\/fr\/wp-json\/wp\/v2\/posts"}],"about":[{"href":"https:\/\/www.worldpolicyconference.com\/fr\/wp-json\/wp\/v2\/types\/post"}],"author":[{"embeddable":true,"href":"https:\/\/www.worldpolicyconference.com\/fr\/wp-json\/wp\/v2\/users\/1"}],"replies":[{"embeddable":true,"href":"https:\/\/www.worldpolicyconference.com\/fr\/wp-json\/wp\/v2\/comments?post=1334"}],"version-history":[{"count":0,"href":"https:\/\/www.worldpolicyconference.com\/fr\/wp-json\/wp\/v2\/posts\/1334\/revisions"}],"wp:featuredmedia":[{"embeddable":true,"href":"https:\/\/www.worldpolicyconference.com\/fr\/wp-json\/wp\/v2\/media\/17874"}],"wp:attachment":[{"href":"https:\/\/www.worldpolicyconference.com\/fr\/wp-json\/wp\/v2\/media?parent=1334"}],"wp:term":[{"taxonomy":"category","embeddable":true,"href":"https:\/\/www.worldpolicyconference.com\/fr\/wp-json\/wp\/v2\/categories?post=1334"},{"taxonomy":"post_tag","embeddable":true,"href":"https:\/\/www.worldpolicyconference.com\/fr\/wp-json\/wp\/v2\/tags?post=1334"}],"curies":[{"name":"wp","href":"https:\/\/api.w.org\/{rel}","templated":true}]}}