{"id":1341,"date":"2014-05-12T11:15:39","date_gmt":"2014-05-12T10:15:39","guid":{"rendered":"http:\/\/www.worldpolicyconference.com\/ali-babacan\/"},"modified":"2018-05-03T14:33:01","modified_gmt":"2018-05-03T13:33:01","slug":"ali-babacan","status":"publish","type":"post","link":"https:\/\/www.worldpolicyconference.com\/fr\/ali-babacan\/","title":{"rendered":"Ali Babacan"},"content":{"rendered":"<p>D\u00e9put\u00e9 et ancien vice-Premier ministre de la R\u00e9publique de Turquie. Il a \u00e9galement \u00e9t\u00e9 membre du Conseil de s\u00e9curit\u00e9 nationale. Il a \u00e9t\u00e9 ministre des Affaires \u00e9trang\u00e8res (2007-2009). En 2002, il a \u00e9t\u00e9 \u00e9lu au Parlement puis nomm\u00e9 ministre du Tr\u00e9sor. En 2005, en parall\u00e8le de sa fonction de ministre du Tr\u00e9sor, il est nomm\u00e9 n\u00e9gociateur en chef dans le cadre des n\u00e9gociations avec l\u2019Union europ\u00e9enne pour l\u2019adh\u00e9sion de la Turquie. Il est dipl\u00f4m\u00e9 en ing\u00e9nierie industrielle de la Middle East Technical University, Ankara. Il a obtenu un MBA en marketing, psychologie organisationnelle et affaires internationales de la Kellogg School of Management, Northwestern University \u00e0 Evanston, Illinois.<\/p>","protected":false},"excerpt":{"rendered":"<p>D\u00e9put\u00e9 et ancien vice-Premier ministre de la R\u00e9publique de Turquie. Il a \u00e9galement \u00e9t\u00e9 membre du Conseil de s\u00e9curit\u00e9 nationale. Il a \u00e9t\u00e9 ministre des Affaires \u00e9trang\u00e8res (2007-2009). En 2002,<\/p>\n","protected":false},"author":1,"featured_media":9276,"comment_status":"closed","ping_status":"open","sticky":false,"template":"","format":"standard","meta":{"footnotes":""},"categories":[8],"tags":[10,21],"class_list":["post-1341","post","type-post","status-publish","format-standard","has-post-thumbnail","hentry","category-invited-guests","tag-10","tag-21"],"_links":{"self":[{"href":"https:\/\/www.worldpolicyconference.com\/fr\/wp-json\/wp\/v2\/posts\/1341","targetHints":{"allow":["GET"]}}],"collection":[{"href":"https:\/\/www.worldpolicyconference.com\/fr\/wp-json\/wp\/v2\/posts"}],"about":[{"href":"https:\/\/www.worldpolicyconference.com\/fr\/wp-json\/wp\/v2\/types\/post"}],"author":[{"embeddable":true,"href":"https:\/\/www.worldpolicyconference.com\/fr\/wp-json\/wp\/v2\/users\/1"}],"replies":[{"embeddable":true,"href":"https:\/\/www.worldpolicyconference.com\/fr\/wp-json\/wp\/v2\/comments?post=1341"}],"version-history":[{"count":0,"href":"https:\/\/www.worldpolicyconference.com\/fr\/wp-json\/wp\/v2\/posts\/1341\/revisions"}],"wp:featuredmedia":[{"embeddable":true,"href":"https:\/\/www.worldpolicyconference.com\/fr\/wp-json\/wp\/v2\/media\/9276"}],"wp:attachment":[{"href":"https:\/\/www.worldpolicyconference.com\/fr\/wp-json\/wp\/v2\/media?parent=1341"}],"wp:term":[{"taxonomy":"category","embeddable":true,"href":"https:\/\/www.worldpolicyconference.com\/fr\/wp-json\/wp\/v2\/categories?post=1341"},{"taxonomy":"post_tag","embeddable":true,"href":"https:\/\/www.worldpolicyconference.com\/fr\/wp-json\/wp\/v2\/tags?post=1341"}],"curies":[{"name":"wp","href":"https:\/\/api.w.org\/{rel}","templated":true}]}}