{"id":1348,"date":"2014-05-12T11:17:25","date_gmt":"2014-05-12T10:17:25","guid":{"rendered":"http:\/\/www.worldpolicyconference.com\/carlos-de-icaza\/"},"modified":"2018-07-23T09:05:41","modified_gmt":"2018-07-23T08:05:41","slug":"carlos-de-icaza","status":"publish","type":"post","link":"https:\/\/www.worldpolicyconference.com\/fr\/carlos-de-icaza\/","title":{"rendered":"Carlos de Icaza"},"content":{"rendered":"<p>Vice-Ministre des Affaires \u00c9trang\u00e8res du Mexique. Sherpa du Mexique pour le G20 depuis f\u00e9vrier 2013. Au sein du Minist\u00e8re des Affaires \u00c9trang\u00e8res, il a exerc\u00e9 plusieurs fonctions telles que Vice-Ministre charg\u00e9 de l\u2019Am\u00e9rique Latine et de la r\u00e9gion Asie-Pacifique (1998-2000) et Chef de Cabinet du Ministre des Affaires Etrang\u00e8res (1991-1993). A l\u2019\u00e9tranger, il s\u2019est notamment distingu\u00e9 en tant qu\u2019ambassadeur du Mexique en France (2007-2012), aux \u00c9tats-Unis (2004-2007), au Japon (2001-2004), en Belgique (1996-1998), en Argentine (1995-96), en Equateur (1986-88) et comme repr\u00e9sentant permanent aupr\u00e8s de l\u2019UNESCO (2010-2012). En 2015, il a \u00e9t\u00e9 nomm\u00e9 Ambassadeur \u00c9m\u00e9rite, titre r\u00e9serv\u00e9 aux diplomates s\u2019\u00e9tant distingu\u00e9s par leur action remarquable au service du Mexique.<\/p>","protected":false},"excerpt":{"rendered":"<p>Vice-Ministre des Affaires \u00c9trang\u00e8res du Mexique. Sherpa du Mexique pour le G20 depuis f\u00e9vrier 2013. Au sein du Minist\u00e8re des Affaires \u00c9trang\u00e8res, il a exerc\u00e9 plusieurs fonctions telles que Vice-Ministre<\/p>\n","protected":false},"author":1,"featured_media":10871,"comment_status":"closed","ping_status":"open","sticky":false,"template":"","format":"standard","meta":{"footnotes":""},"categories":[8],"tags":[],"class_list":["post-1348","post","type-post","status-publish","format-standard","has-post-thumbnail","hentry","category-invited-guests"],"_links":{"self":[{"href":"https:\/\/www.worldpolicyconference.com\/fr\/wp-json\/wp\/v2\/posts\/1348","targetHints":{"allow":["GET"]}}],"collection":[{"href":"https:\/\/www.worldpolicyconference.com\/fr\/wp-json\/wp\/v2\/posts"}],"about":[{"href":"https:\/\/www.worldpolicyconference.com\/fr\/wp-json\/wp\/v2\/types\/post"}],"author":[{"embeddable":true,"href":"https:\/\/www.worldpolicyconference.com\/fr\/wp-json\/wp\/v2\/users\/1"}],"replies":[{"embeddable":true,"href":"https:\/\/www.worldpolicyconference.com\/fr\/wp-json\/wp\/v2\/comments?post=1348"}],"version-history":[{"count":0,"href":"https:\/\/www.worldpolicyconference.com\/fr\/wp-json\/wp\/v2\/posts\/1348\/revisions"}],"wp:featuredmedia":[{"embeddable":true,"href":"https:\/\/www.worldpolicyconference.com\/fr\/wp-json\/wp\/v2\/media\/10871"}],"wp:attachment":[{"href":"https:\/\/www.worldpolicyconference.com\/fr\/wp-json\/wp\/v2\/media?parent=1348"}],"wp:term":[{"taxonomy":"category","embeddable":true,"href":"https:\/\/www.worldpolicyconference.com\/fr\/wp-json\/wp\/v2\/categories?post=1348"},{"taxonomy":"post_tag","embeddable":true,"href":"https:\/\/www.worldpolicyconference.com\/fr\/wp-json\/wp\/v2\/tags?post=1348"}],"curies":[{"name":"wp","href":"https:\/\/api.w.org\/{rel}","templated":true}]}}