{"id":1349,"date":"2014-05-12T11:17:55","date_gmt":"2014-05-12T10:17:55","guid":{"rendered":"http:\/\/www.worldpolicyconference.com\/donald-j-johnston\/"},"modified":"2021-09-16T13:51:41","modified_gmt":"2021-09-16T12:51:41","slug":"donald-j-johnston","status":"publish","type":"post","link":"https:\/\/www.worldpolicyconference.com\/fr\/donald-j-johnston\/","title":{"rendered":"Donald Johnston"},"content":{"rendered":"<p><span style=\"font-weight: 400;\">L&rsquo;honorable Donald Johnston a rejoint le cabinet d&rsquo;avocats Stikeman Elliott en 1961. En 1973, il a \u00e9t\u00e9 l&rsquo;un des associ\u00e9s fondateurs du cabinet Johnston Heenan Blaikie. \u00c9lu \u00e0 la Chambre des communes, il a rejoint le cabinet du Premier ministre Pierre Trudeau en 1978. De 1980 \u00e0 1984, Johnston a occup\u00e9 des postes de haut niveau au sein du cabinet et a \u00e9t\u00e9 ministre de la Justice et procureur g\u00e9n\u00e9ral. Pr\u00e9sident du Parti lib\u00e9ral du Canada de 1990 \u00e0 1994, il a ensuite \u00e9t\u00e9 \u00e9lu secr\u00e9taire g\u00e9n\u00e9ral de l&rsquo;OCDE. Il a commenc\u00e9 son mandat en 1996 et est r\u00e9\u00e9lu en 2001. En 2006, Johnston a rejoint Heenan Blaikie en tant que membre du groupe de droit des affaires internationales. Il a \u00e9t\u00e9 pr\u00e9sident et est actuellement pr\u00e9sident \u00e9m\u00e9rite de la Fondation McCall MacBain. De 2006 \u00e0 2010, il a \u00e9t\u00e9 pr\u00e9sident de l&rsquo;International Risk Governance Council. Il a re\u00e7u la M\u00e9daille du jubil\u00e9 de la Reine Elizabeth II et la version canadienne de la M\u00e9daille du jubil\u00e9 de diamant de la Reine Elizabeth II. Il a \u00e9galement \u00e9t\u00e9 d\u00e9cor\u00e9 par le Japon, la Belgique, la Hongrie, la Slovaquie, la France et le Canada. Il a \u00e9t\u00e9 dipl\u00f4m\u00e9 de la facult\u00e9 de droit de l&rsquo;universit\u00e9 McGill en 1958.<\/span><\/p>","protected":false},"excerpt":{"rendered":"<p>L&rsquo;honorable Donald Johnston a rejoint le cabinet d&rsquo;avocats Stikeman Elliott en 1961. En 1973, il a \u00e9t\u00e9 l&rsquo;un des associ\u00e9s fondateurs du cabinet Johnston Heenan Blaikie. \u00c9lu \u00e0 la Chambre<\/p>\n","protected":false},"author":1,"featured_media":14382,"comment_status":"closed","ping_status":"open","sticky":false,"template":"","format":"standard","meta":{"footnotes":""},"categories":[8],"tags":[14,10,19,21,22,25],"class_list":["post-1349","post","type-post","status-publish","format-standard","has-post-thumbnail","hentry","category-invited-guests","tag-14","tag-10","tag-19","tag-21","tag-22","tag-25"],"_links":{"self":[{"href":"https:\/\/www.worldpolicyconference.com\/fr\/wp-json\/wp\/v2\/posts\/1349","targetHints":{"allow":["GET"]}}],"collection":[{"href":"https:\/\/www.worldpolicyconference.com\/fr\/wp-json\/wp\/v2\/posts"}],"about":[{"href":"https:\/\/www.worldpolicyconference.com\/fr\/wp-json\/wp\/v2\/types\/post"}],"author":[{"embeddable":true,"href":"https:\/\/www.worldpolicyconference.com\/fr\/wp-json\/wp\/v2\/users\/1"}],"replies":[{"embeddable":true,"href":"https:\/\/www.worldpolicyconference.com\/fr\/wp-json\/wp\/v2\/comments?post=1349"}],"version-history":[{"count":0,"href":"https:\/\/www.worldpolicyconference.com\/fr\/wp-json\/wp\/v2\/posts\/1349\/revisions"}],"wp:featuredmedia":[{"embeddable":true,"href":"https:\/\/www.worldpolicyconference.com\/fr\/wp-json\/wp\/v2\/media\/14382"}],"wp:attachment":[{"href":"https:\/\/www.worldpolicyconference.com\/fr\/wp-json\/wp\/v2\/media?parent=1349"}],"wp:term":[{"taxonomy":"category","embeddable":true,"href":"https:\/\/www.worldpolicyconference.com\/fr\/wp-json\/wp\/v2\/categories?post=1349"},{"taxonomy":"post_tag","embeddable":true,"href":"https:\/\/www.worldpolicyconference.com\/fr\/wp-json\/wp\/v2\/tags?post=1349"}],"curies":[{"name":"wp","href":"https:\/\/api.w.org\/{rel}","templated":true}]}}