{"id":1356,"date":"2014-05-12T11:19:50","date_gmt":"2014-05-12T10:19:50","guid":{"rendered":"http:\/\/www.worldpolicyconference.com\/agns-touraine\/"},"modified":"2026-03-31T16:26:06","modified_gmt":"2026-03-31T15:26:06","slug":"agns-touraine","status":"publish","type":"post","link":"https:\/\/www.worldpolicyconference.com\/fr\/agns-touraine\/","title":{"rendered":"Agn\u00e8s Touraine"},"content":{"rendered":"<p><\/p>\n<p style=\"text-align: justify;\"><span style=\"font-weight: 400;\">Pr\u00e9sidente du groupe Rexel, l\u2019un des leaders mondiaux de la distribution \u00e9lectrique, et Vice-pr\u00e9sidente de la SNCF. Elle a pr\u00e9c\u00e9demment \u00e9t\u00e9 Pr\u00e9sidente-directrice g\u00e9n\u00e9rale de Vivendi Universal Publishing, groupe international actif dans les jeux vid\u00e9o et l\u2019\u00e9dition, r\u00e9alisant pr\u00e8s de 4 milliards d\u2019euros de chiffre d\u2019affaires. Avant cela, elle a pass\u00e9 dix ans au sein du groupe Hachette\/Lagard\u00e8re et cinq ans chez McKinsey &#038; Company. Administratrice reconnue, elle a si\u00e9g\u00e9 au conseil d\u2019administration de nombreuses grandes entreprises, dont Groupe Bruxelles Lambert, Proximus et Darty, et a pr\u00e9sid\u00e9 l\u2019Institut Fran\u00e7ais des Administrateurs. Elle est \u00e9galement engag\u00e9e dans plusieurs organisations \u00e0 but non lucratif, notamment l\u2019IDATE et la French-American Foundation. Agn\u00e8s Touraine est dipl\u00f4m\u00e9e de Sciences Po Paris et titulaire d\u2019un MBA de Columbia University.<\/span><\/p>\n<p><\/p>","protected":false},"excerpt":{"rendered":"<p>Pr\u00e9sidente du groupe Rexel, l\u2019un des leaders mondiaux de la distribution \u00e9lectrique, et Vice-pr\u00e9sidente de la SNCF. Elle a pr\u00e9c\u00e9demment \u00e9t\u00e9 Pr\u00e9sidente-directrice g\u00e9n\u00e9rale de Vivendi Universal Publishing, groupe international actif<\/p>\n","protected":false},"author":1,"featured_media":17959,"comment_status":"closed","ping_status":"open","sticky":false,"template":"","format":"standard","meta":{"footnotes":""},"categories":[8],"tags":[14,20,22,25,30,127,157],"class_list":["post-1356","post","type-post","status-publish","format-standard","has-post-thumbnail","hentry","category-invited-guests","tag-14","tag-20","tag-22","tag-25","tag-30","tag-127","tag-157"],"_links":{"self":[{"href":"https:\/\/www.worldpolicyconference.com\/fr\/wp-json\/wp\/v2\/posts\/1356","targetHints":{"allow":["GET"]}}],"collection":[{"href":"https:\/\/www.worldpolicyconference.com\/fr\/wp-json\/wp\/v2\/posts"}],"about":[{"href":"https:\/\/www.worldpolicyconference.com\/fr\/wp-json\/wp\/v2\/types\/post"}],"author":[{"embeddable":true,"href":"https:\/\/www.worldpolicyconference.com\/fr\/wp-json\/wp\/v2\/users\/1"}],"replies":[{"embeddable":true,"href":"https:\/\/www.worldpolicyconference.com\/fr\/wp-json\/wp\/v2\/comments?post=1356"}],"version-history":[{"count":0,"href":"https:\/\/www.worldpolicyconference.com\/fr\/wp-json\/wp\/v2\/posts\/1356\/revisions"}],"wp:featuredmedia":[{"embeddable":true,"href":"https:\/\/www.worldpolicyconference.com\/fr\/wp-json\/wp\/v2\/media\/17959"}],"wp:attachment":[{"href":"https:\/\/www.worldpolicyconference.com\/fr\/wp-json\/wp\/v2\/media?parent=1356"}],"wp:term":[{"taxonomy":"category","embeddable":true,"href":"https:\/\/www.worldpolicyconference.com\/fr\/wp-json\/wp\/v2\/categories?post=1356"},{"taxonomy":"post_tag","embeddable":true,"href":"https:\/\/www.worldpolicyconference.com\/fr\/wp-json\/wp\/v2\/tags?post=1356"}],"curies":[{"name":"wp","href":"https:\/\/api.w.org\/{rel}","templated":true}]}}