{"id":1358,"date":"2014-05-12T11:20:24","date_gmt":"2014-05-12T10:20:24","guid":{"rendered":"http:\/\/www.worldpolicyconference.com\/pierre-vimont\/"},"modified":"2018-05-03T15:44:44","modified_gmt":"2018-05-03T14:44:44","slug":"pierre-vimont","status":"publish","type":"post","link":"https:\/\/www.worldpolicyconference.com\/fr\/pierre-vimont\/","title":{"rendered":"Pierre Vimont"},"content":{"rendered":"<p><\/p>\n<p style=\"text-align: justify;\">Secr\u00e9taire g\u00e9n\u00e9ral ex\u00e9cutif du Service europ\u00e9en pour l\u2019action ext\u00e9rieure. Il a \u00e9t\u00e9 ambassadeur de France aux \u00c9tats-Unis, \u00e0 Washington (2007-2010), directeur du cabinet du ministre des Affaires \u00e9trang\u00e8res, Minist\u00e8re des affaires \u00e9trang\u00e8res (2002-2007), ambassadeur, repr\u00e9sentant permanent de la France aupr\u00e8s de l&rsquo;Union europ\u00e9enne \u00e0 Bruxelles (1999-2002). Il a \u00e9galement directeur de la coop\u00e9ration europ\u00e9enne, Minist\u00e8re des affaires \u00e9trang\u00e8res, (1997-1999) et porte-parole au service d\u2019information et presse, Minist\u00e8re des affaires \u00e9trang\u00e8res, (1981-1985). Il est dipl\u00f4m\u00e9 de l&rsquo;Institut d&rsquo;\u00e9tudes politiques et de l\u2019ENA.<\/p>\n<p><\/p>","protected":false},"excerpt":{"rendered":"<p>Secr\u00e9taire g\u00e9n\u00e9ral ex\u00e9cutif du Service europ\u00e9en pour l\u2019action ext\u00e9rieure. Il a \u00e9t\u00e9 ambassadeur de France aux \u00c9tats-Unis, \u00e0 Washington (2007-2010), directeur du cabinet du ministre des Affaires \u00e9trang\u00e8res, Minist\u00e8re des<\/p>\n","protected":false},"author":1,"featured_media":9366,"comment_status":"closed","ping_status":"open","sticky":false,"template":"","format":"standard","meta":{"footnotes":""},"categories":[8],"tags":[],"class_list":["post-1358","post","type-post","status-publish","format-standard","has-post-thumbnail","hentry","category-invited-guests"],"_links":{"self":[{"href":"https:\/\/www.worldpolicyconference.com\/fr\/wp-json\/wp\/v2\/posts\/1358","targetHints":{"allow":["GET"]}}],"collection":[{"href":"https:\/\/www.worldpolicyconference.com\/fr\/wp-json\/wp\/v2\/posts"}],"about":[{"href":"https:\/\/www.worldpolicyconference.com\/fr\/wp-json\/wp\/v2\/types\/post"}],"author":[{"embeddable":true,"href":"https:\/\/www.worldpolicyconference.com\/fr\/wp-json\/wp\/v2\/users\/1"}],"replies":[{"embeddable":true,"href":"https:\/\/www.worldpolicyconference.com\/fr\/wp-json\/wp\/v2\/comments?post=1358"}],"version-history":[{"count":0,"href":"https:\/\/www.worldpolicyconference.com\/fr\/wp-json\/wp\/v2\/posts\/1358\/revisions"}],"wp:featuredmedia":[{"embeddable":true,"href":"https:\/\/www.worldpolicyconference.com\/fr\/wp-json\/wp\/v2\/media\/9366"}],"wp:attachment":[{"href":"https:\/\/www.worldpolicyconference.com\/fr\/wp-json\/wp\/v2\/media?parent=1358"}],"wp:term":[{"taxonomy":"category","embeddable":true,"href":"https:\/\/www.worldpolicyconference.com\/fr\/wp-json\/wp\/v2\/categories?post=1358"},{"taxonomy":"post_tag","embeddable":true,"href":"https:\/\/www.worldpolicyconference.com\/fr\/wp-json\/wp\/v2\/tags?post=1358"}],"curies":[{"name":"wp","href":"https:\/\/api.w.org\/{rel}","templated":true}]}}