{"id":1369,"date":"2014-05-12T11:24:05","date_gmt":"2014-05-12T10:24:05","guid":{"rendered":"http:\/\/www.worldpolicyconference.com\/gunnar-lund\/"},"modified":"2018-05-15T10:22:32","modified_gmt":"2018-05-15T09:22:32","slug":"gunnar-lund","status":"publish","type":"post","link":"https:\/\/www.worldpolicyconference.com\/fr\/gunnar-lund\/","title":{"rendered":"Gunnar Lund"},"content":{"rendered":"<p><\/p>\n<p style=\"text-align: justify;\">Ambassadeur de Su\u00e8de en France et \u00e0 Monaco. Il a \u00e9t\u00e9 conseiller \u00e9conomique et financier aupr\u00e8s de la d\u00e9l\u00e9gation su\u00e9doise \u00e0 l\u2019OCDE \u00e0 Paris (1980-1983). Il est nomm\u00e9 secr\u00e9taire d\u2019\u00c9tat au minist\u00e8re des finances en 1988, puis secr\u00e9taire d\u2019\u00c9tat aux affaires europ\u00e9ennes au minist\u00e8re des Affaires \u00e9trang\u00e8res en 1994 et ambassadeur \u00e0 la Repr\u00e9sentation permanente de la Su\u00e8de aupr\u00e8s de l\u2019Union europ\u00e9enne en 1999. En 2002, il est nomm\u00e9 ministre charg\u00e9 des affaires \u00e9conomiques internationales et des march\u00e9s financiers au minist\u00e8re des finances. Il a \u00e9galement \u00e9t\u00e9 ambassadeur aux Etats-Unis (2005-2007). Il est dipl\u00f4m\u00e9 des Universit\u00e9s d\u2019Uppsala et de Stockholm ainsi que de l\u2019Universit\u00e9 Columbia.<\/p>\n<p><\/p>","protected":false},"excerpt":{"rendered":"<p>Ambassadeur de Su\u00e8de en France et \u00e0 Monaco. Il a \u00e9t\u00e9 conseiller \u00e9conomique et financier aupr\u00e8s de la d\u00e9l\u00e9gation su\u00e9doise \u00e0 l\u2019OCDE \u00e0 Paris (1980-1983). Il est nomm\u00e9 secr\u00e9taire d\u2019\u00c9tat<\/p>\n","protected":false},"author":1,"featured_media":10036,"comment_status":"closed","ping_status":"open","sticky":false,"template":"","format":"standard","meta":{"footnotes":""},"categories":[8],"tags":[10],"class_list":["post-1369","post","type-post","status-publish","format-standard","has-post-thumbnail","hentry","category-invited-guests","tag-10"],"_links":{"self":[{"href":"https:\/\/www.worldpolicyconference.com\/fr\/wp-json\/wp\/v2\/posts\/1369","targetHints":{"allow":["GET"]}}],"collection":[{"href":"https:\/\/www.worldpolicyconference.com\/fr\/wp-json\/wp\/v2\/posts"}],"about":[{"href":"https:\/\/www.worldpolicyconference.com\/fr\/wp-json\/wp\/v2\/types\/post"}],"author":[{"embeddable":true,"href":"https:\/\/www.worldpolicyconference.com\/fr\/wp-json\/wp\/v2\/users\/1"}],"replies":[{"embeddable":true,"href":"https:\/\/www.worldpolicyconference.com\/fr\/wp-json\/wp\/v2\/comments?post=1369"}],"version-history":[{"count":0,"href":"https:\/\/www.worldpolicyconference.com\/fr\/wp-json\/wp\/v2\/posts\/1369\/revisions"}],"wp:featuredmedia":[{"embeddable":true,"href":"https:\/\/www.worldpolicyconference.com\/fr\/wp-json\/wp\/v2\/media\/10036"}],"wp:attachment":[{"href":"https:\/\/www.worldpolicyconference.com\/fr\/wp-json\/wp\/v2\/media?parent=1369"}],"wp:term":[{"taxonomy":"category","embeddable":true,"href":"https:\/\/www.worldpolicyconference.com\/fr\/wp-json\/wp\/v2\/categories?post=1369"},{"taxonomy":"post_tag","embeddable":true,"href":"https:\/\/www.worldpolicyconference.com\/fr\/wp-json\/wp\/v2\/tags?post=1369"}],"curies":[{"name":"wp","href":"https:\/\/api.w.org\/{rel}","templated":true}]}}