{"id":13701,"date":"2020-08-31T16:59:25","date_gmt":"2020-08-31T15:59:25","guid":{"rendered":"https:\/\/www.worldpolicyconference.com\/?p=13701"},"modified":"2020-08-31T16:59:25","modified_gmt":"2020-08-31T15:59:25","slug":"banque-africaine-de-developpement-akinwumi-adesina-reelu-president-jusquen-2025","status":"publish","type":"post","link":"https:\/\/www.worldpolicyconference.com\/fr\/banque-africaine-de-developpement-akinwumi-adesina-reelu-president-jusquen-2025\/","title":{"rendered":"Banque africaine de d\u00e9veloppement : Akinwumi Adesina r\u00e9\u00e9lu pr\u00e9sident jusqu\u2019en 2025"},"content":{"rendered":"<p><span class=\"author-name\">La Tribune Afrique\u00a0<\/span>\u00a0|\u00a0\u00a0<time datetime=\"2020-08-27CEST15:18:00+0200\">27\/08\/2020<\/time><\/p>\n<section class=\"chapo\">A l&rsquo;issue d&rsquo;un vote par voie \u00e9lectronique ce jeudi, le Nig\u00e9rian Akinwumi Adesina a \u00e9t\u00e9 r\u00e9\u00e9lu pr\u00e9sident de la Banque africaine de d\u00e9veloppement (BAD) pour un nouveau mandat de cinq ans.<\/section>\n<section class=\"contenu-article clearfix\">\n<div class=\"body-article wide\">\n<p>Akinwumi Ayodeji Adesina est reconduit pr\u00e9sident de la Banque africaine de d\u00e9veloppement (BAD) jusqu&rsquo;en 2025. Les gouverneurs repr\u00e9sentant les 81 pays membres de l&rsquo;institution dont 54 africains ont proc\u00e9d\u00e9 \u00e0 un vote par voie \u00e9lectronique ce jeudi dans le cadre des 55\u00e8me assembl\u00e9es g\u00e9n\u00e9rales annuelles qui tiennent virtuellement ces 26 et 27 ao\u00fbt, en raison de la pand\u00e9mie de Covid-19.<\/p>\n<p>A l&rsquo;issue de ce vote,\u00a0 l&rsquo;ancien ministre nig\u00e9rian de l&rsquo;Agriculture a obtenu 100% des votes r\u00e9gionaux -les 54 pays du continent- et 100% des votes non r\u00e9gionaux, pr\u00e9cise l&rsquo;institution.<\/p>\n<p>C&rsquo;est l&rsquo;\u00e9pilogue de huit mois de pol\u00e9mique autour de la pr\u00e9sidence de la BAD par le leader nig\u00e9rian suite au scandale des all\u00e9gations des lanceurs d&rsquo;alerte, balay\u00e9e du revers de la main par l&rsquo;enqu\u00eate du Comit\u00e9 d&rsquo;\u00e9thique de la Banque et une revue ind\u00e9pendante dirig\u00e9e par l&rsquo;ancienne pr\u00e9sidente irlandaise Mary Robinson.<\/p>\n<p>La nouveau mandat d&rsquo;Akinwumi Adesina prend effet \u00e0 compter du 1er septembre 2020. Parmi les gros chantiers de ce nouveau mandat, Adesina devra diriger la strat\u00e9gie d&rsquo;appui aux gouvernements africains pour la relance \u00e9conomique \u00e0 travers le Continent apr\u00e8s la crise provoqu\u00e9e par la Covid-19. A cet effet, la Banque a lanc\u00e9 en avril dernier une facilit\u00e9 de 10 milliards de dollars destin\u00e9e \u00e0 toutes les \u00e9conomies africaines.<\/p>\n<p><a href=\"https:\/\/afrique.latribune.fr\/decideurs\/2020-08-27\/banque-africaine-de-developpement-akinwumi-adesina-reelu-president-jusqu-en-2025-855723.html\">Retrouvez cet article sur le site de La Tribune Afrique<\/a><\/p>\n<\/div>\n<\/section>\n","protected":false},"excerpt":{"rendered":"<p>La Tribune Afrique\u00a0\u00a0|\u00a0\u00a027\/08\/2020 A l&rsquo;issue d&rsquo;un vote par voie \u00e9lectronique ce jeudi, le Nig\u00e9rian Akinwumi Adesina a \u00e9t\u00e9 r\u00e9\u00e9lu pr\u00e9sident de la Banque africaine de d\u00e9veloppement (BAD) pour un nouveau<\/p>\n","protected":false},"author":3,"featured_media":13702,"comment_status":"closed","ping_status":"closed","sticky":false,"template":"","format":"standard","meta":{"footnotes":""},"categories":[23],"tags":[],"class_list":["post-13701","post","type-post","status-publish","format-standard","has-post-thumbnail","hentry","category-news-room"],"_links":{"self":[{"href":"https:\/\/www.worldpolicyconference.com\/fr\/wp-json\/wp\/v2\/posts\/13701","targetHints":{"allow":["GET"]}}],"collection":[{"href":"https:\/\/www.worldpolicyconference.com\/fr\/wp-json\/wp\/v2\/posts"}],"about":[{"href":"https:\/\/www.worldpolicyconference.com\/fr\/wp-json\/wp\/v2\/types\/post"}],"author":[{"embeddable":true,"href":"https:\/\/www.worldpolicyconference.com\/fr\/wp-json\/wp\/v2\/users\/3"}],"replies":[{"embeddable":true,"href":"https:\/\/www.worldpolicyconference.com\/fr\/wp-json\/wp\/v2\/comments?post=13701"}],"version-history":[{"count":0,"href":"https:\/\/www.worldpolicyconference.com\/fr\/wp-json\/wp\/v2\/posts\/13701\/revisions"}],"wp:featuredmedia":[{"embeddable":true,"href":"https:\/\/www.worldpolicyconference.com\/fr\/wp-json\/wp\/v2\/media\/13702"}],"wp:attachment":[{"href":"https:\/\/www.worldpolicyconference.com\/fr\/wp-json\/wp\/v2\/media?parent=13701"}],"wp:term":[{"taxonomy":"category","embeddable":true,"href":"https:\/\/www.worldpolicyconference.com\/fr\/wp-json\/wp\/v2\/categories?post=13701"},{"taxonomy":"post_tag","embeddable":true,"href":"https:\/\/www.worldpolicyconference.com\/fr\/wp-json\/wp\/v2\/tags?post=13701"}],"curies":[{"name":"wp","href":"https:\/\/api.w.org\/{rel}","templated":true}]}}