{"id":13729,"date":"2020-09-22T10:27:16","date_gmt":"2020-09-22T09:27:16","guid":{"rendered":"https:\/\/www.worldpolicyconference.com\/?p=13729"},"modified":"2020-09-22T10:27:16","modified_gmt":"2020-09-22T09:27:16","slug":"antoine-flahault-nous-sommes-peut-etre-en-train-dobserver-les-fondements-de-ce-qui-deviendra-une-deuxieme-vague","status":"publish","type":"post","link":"https:\/\/www.worldpolicyconference.com\/fr\/antoine-flahault-nous-sommes-peut-etre-en-train-dobserver-les-fondements-de-ce-qui-deviendra-une-deuxieme-vague\/","title":{"rendered":"Antoine Flahault : \u00ab Nous sommes peut-\u00eatre en train d&rsquo;observer les fondements de ce qui deviendra une deuxi\u00e8me vague \u00bb"},"content":{"rendered":"<p><\/p>\n<h3>L&rsquo;\u00e9pid\u00e9miologiste juge pr\u00e9occupante la hausse des hospitalisations en France et en Espagne, mais souligne que la mortalit\u00e9 reste faible \u00e0 ce stade en Europe.<\/h3>\n<h5 class=\"sc-78pc27-0 gdcYjy\">Par\u00a0<a class=\"sc-1oe11kk-0 jrSWYe\" href=\"https:\/\/www.lesechos.fr\/@yves-bourdillon\"><span class=\"sc-AxirZ sc-1ohdft1-0 beMxMz\">Yves Bourdillon<\/span><\/a><\/h5>\n<h5 class=\"sc-AxjAm sc-1i0ieo8-1 dNkYYU\"><span class=\"sc-1i0ieo8-0 dQcFiH\">Publi\u00e9 le 15 sept. 2020 \u00e0 17:21 |\u00a0<\/span><span class=\"sc-1i0ieo8-0 dQcFiH\">Mis \u00e0 jour le 16 sept. 2020 \u00e0 8:39<\/span><\/h5>\n<p>&nbsp;<\/p>\n<div><\/div>\n<div class=\"sc-1r87fjh-0 ddncjZ post-paywall\">\n<p class=\"sc-AxirZ exSSdR question\"><strong>Quelle est votre \u00e9valuation de la dynamique du Covid-19 en Europe\u00a0?<\/strong><\/p>\n<p class=\"sc-AxirZ bUHJAM\">Nous avons b\u00e9n\u00e9fici\u00e9 d&rsquo;un r\u00e9pit estival bienvenu, mais constatons effectivement depuis peu une circulation exponentielle du virus en France, Espagne, Royaume-Uni, Autriche, Suisse,\u00a0etc. Ce qui peut s&rsquo;expliquer en partie par une politique de\u00a0<a class=\"zhefrs-0 ixyOFC\" href=\"https:\/\/www.lesechos.fr\/politique-societe\/politique\/coronavirus-la-gestion-des-tests-par-le-gouvernement-essuie-des-critiques-1228748\">tests tr\u00e8s intense, sans pr\u00e9c\u00e9dent historique.<\/a>\u00a0La notion de nouveaux \u00ab\u00a0cas\u00a0\u00bb manque par ailleurs d&rsquo;une d\u00e9finition pr\u00e9cise, puisqu&rsquo;elle m\u00eale aujourd&rsquo;hui des malades plus ou moins symptomatiques et s\u00e9v\u00e8res, des cas contagieux mais asymptomatiques, ainsi que des personnes positives au\u00a0<a class=\"zhefrs-0 ixyOFC\" href=\"https:\/\/www.lesechos.fr\/pme-regions\/normandie\/coronavirus-bientot-des-tests-pcr-dans-votre-bureau-en-30-minutes-1240409\">test PCR<\/a>\u00a0dans les muqueuses nasales, mais avec une charge virale insuffisante pour les rendre contagieux. Pour autant, la hausse des hospitalisations en France et en Espagne nous oblige \u00e0 envisager un sc\u00e9nario inqui\u00e9tant, qui serait le r\u00e9sultat d&rsquo;un \u00ab\u00a0ensemencement\u00a0\u00bb du virus sur tout le territoire, apr\u00e8s une premi\u00e8re phase d&rsquo;\u00e9mergence de \u00ab\u00a0clusters\u00a0\u00bb.<\/p>\n<p class=\"sc-AxirZ bUHJAM\"><strong class=\"sc-14kwckt-7 fmrBwp\">La fameuse deuxi\u00e8me vague\u00a0?<\/strong><\/p>\n<p class=\"sc-AxirZ bUHJAM\">Plus pr\u00e9cis\u00e9ment, nous sommes peut-\u00eatre en train d&rsquo;observer les fondements de ce qui deviendra une deuxi\u00e8me vague. Ce sc\u00e9nario d&rsquo;une seconde vague plus homog\u00e8ne sur le territoire et peut-\u00eatre l&rsquo;Europe enti\u00e8re impose de s&rsquo;y pr\u00e9parer, de mettre sur la table toutes les mesures n\u00e9cessaires s&rsquo;il survenait \u00e0 l&rsquo;automne.<\/p>\n<div class=\"sc-1r87fjh-0 ddncjZ post-paywall\">\n<p class=\"sc-AxirZ bUHJAM\">Dans un autre sc\u00e9nario, plus optimiste, au vu du fait que, par ailleurs, cette flamb\u00e9e n&rsquo;est pas observ\u00e9e partout en Europe, l&rsquo;\u00e9pid\u00e9mie pourrait continuer \u00e0 se propager seulement sous la forme de clusters, contr\u00f4lables tant que l&rsquo;infection restera limit\u00e9e aux jeunes de moins de 40 ans, lesquels d\u00e9veloppent tr\u00e8s rarement des complications graves. Ce sc\u00e9nario s&rsquo;il perdurait tout l&rsquo;hiver permettrait de faire face comme cet \u00e9t\u00e9 en Europe sans mesures trop contraignantes.<\/p>\n<p class=\"sc-AxirZ exSSdR question\"><strong>Comment expliquez-vous le d\u00e9calage paradoxal entre flamb\u00e9e de cas et stagnation des d\u00e9c\u00e8s partout en Europe, sauf dans quelques r\u00e9gions\u00a0?<\/strong><\/p>\n<p class=\"sc-AxirZ bUHJAM\">En effet, ce d\u00e9calage me pousse d&rsquo;ailleurs \u00e0 ne pas parler encore, malgr\u00e9 la progression des cas depuis presque deux mois, de deuxi\u00e8me vague, dont la d\u00e9finition devrait se restreindre aux situations de hausse importante et concomitante des d\u00e9c\u00e8s. On ne teste pas non plus de la m\u00eame mani\u00e8re qu&rsquo;en mars, au risque que les donn\u00e9es b\u00e9n\u00e9ficient d&rsquo;un ph\u00e9nom\u00e8ne de loupe, avec de nombreux cas asymptomatiques. J&rsquo;irais jusqu&rsquo;\u00e0 dire que si cet \u00e9t\u00e9 on n&rsquo;avait pas dispos\u00e9 de tests PCR massifs et si on n&rsquo;avait pas \u00e9t\u00e9 sensibilis\u00e9s auparavant par la vague du printemps, on n&rsquo;aurait seulement pas rep\u00e9r\u00e9 le ph\u00e9nom\u00e8ne \u00e9pid\u00e9mique actuel.<\/p>\n<p class=\"sc-AxirZ bUHJAM\">Pourquoi cette diff\u00e9rence paradoxale entre dynamique des cas et des d\u00e9c\u00e8s\u00a0?\u00a0<a class=\"zhefrs-0 ixyOFC\" href=\"https:\/\/www.lesechos.fr\/idees-debats\/sciences-prospective\/covid-19-une-mutation-aurait-rendu-le-virus-moins-virulent-1233806\">Je ne crois pas qu&rsquo;une souche moins l\u00e9tale aurait supplant\u00e9<\/a>\u00a0les autres. Certes les m\u00e9thodes de r\u00e9animation, notamment de ventilation, ont \u00e9volu\u00e9 en tirant les le\u00e7ons du printemps. De nouveaux traitements pour les cas graves, comme\u00a0<a class=\"zhefrs-0 ixyOFC\" href=\"https:\/\/www.sciencesetavenir.fr\/sante\/covid-19-5-questions-sur-la-dexamethasone-traitement-contre-les-formes-severes_145616\">la dexam\u00e9thasone<\/a>\u00a0, s&rsquo;av\u00e8rent aussi efficaces. Cela explique peut-\u00eatre en partie pourquoi moins de patients d\u00e9c\u00e8dent dans les services d&rsquo;urgence, alors qu&rsquo;en mars, au moins 20\u00a0% des gens hospitalis\u00e9s pour Covid en mouraient. Mais cela n&rsquo;explique pas pourquoi beaucoup moins de cas sont hospitalis\u00e9s qu&rsquo;au printemps.<\/p>\n<p class=\"sc-AxirZ bUHJAM\"><strong class=\"sc-14kwckt-7 fmrBwp\">Du coup, quelle serait l&rsquo;explication\u00a0?<\/strong><\/p>\n<p class=\"sc-AxirZ bUHJAM\">La raison principale de cette faible s\u00e9v\u00e9rit\u00e9 cet \u00e9t\u00e9 en Europe, c&rsquo;est l&rsquo;\u00e2ge &#8211; moins de 40 ans\u00a0&#8211; des personnes contamin\u00e9es. Les personnes \u00e2g\u00e9es se m\u00e9fient et se prot\u00e8gent sans doute beaucoup mieux que cet hiver, les jeunes test\u00e9s plus largement entrent peut-\u00eatre moins en contact avec des parents \u00e0 risque, lorsqu&rsquo;ils se savent positifs. Si tout restait comme en juillet-ao\u00fbt, il n&rsquo;y aurait pas de raison de s&rsquo;inqui\u00e9ter particuli\u00e8rement d&rsquo;une pathologie moins grave que bien des infections respiratoires virales banales. Toutefois, la hausse soudaine des hospitalisations en r\u00e9animation depuis une dizaine de jours en Paca oblige \u00e0 une vigilance certaine.<\/p>\n<p class=\"sc-AxirZ exSSdR question\"><strong>Paris et Londres mettent l&rsquo;accent depuis quelques jours moins sur la prophylaxie du \u00ab\u00a0tout masque\u00a0\u00bb que, de nouveau, sur une restriction des rencontres\u2026<\/strong><\/p>\n<p class=\"sc-AxirZ bUHJAM\">Si on veut freiner l&rsquo;\u00e9pid\u00e9mie, on ne peut jouer que sur deux param\u00e8tres\u00a0: la probabilit\u00e9 d&rsquo;une part que des cas transmettent le virus, donc en misant sur le port du masque qui, tout seul, n&rsquo;est pas la panac\u00e9e, et impose d&rsquo;\u00eatre bien port\u00e9, le lavage des mains, la distanciation sociale, la ventilation des locaux. D&rsquo;autre part, on doit diminuer le nombre de contacts entre les bien portants et les porteurs du virus, avec la promotion du t\u00e9l\u00e9travail, le moindre recours aux transports publics, la fermeture \u00e9ventuelle d&rsquo;\u00e9coles, la r\u00e9duction de la jauge des r\u00e9unions. Ainsi, les Su\u00e9dois, souvent pr\u00e9sent\u00e9s comme d\u00e9sinvoltes, avaient fix\u00e9 tr\u00e8s t\u00f4t une limite de 50 personnes pour les rassemblements. Le choix n&rsquo;est donc pas entre le masque et la limite des rassemblements, ce sont deux mesures compl\u00e9mentaires l\u00e9gitimes pour limiter les cons\u00e9quences d&rsquo;une flamb\u00e9e \u00e9pid\u00e9mique, si elle devait se produire.<\/p>\n<p class=\"sc-AxirZ exSSdR question\"><strong>Prenez-vous au s\u00e9rieux la th\u00e9orie selon laquelle la baisse de la mortalit\u00e9 s&rsquo;expliquerait par le fait que nous ne serions plus tr\u00e8s loin d&rsquo;une immunit\u00e9 collective\u00a0?<\/strong><\/p>\n<p class=\"sc-AxirZ bUHJAM\">Je suis sceptique \u00e0 propos d&rsquo;une\u00a0<a class=\"zhefrs-0 ixyOFC\" href=\"https:\/\/www.heidi.news\/sante\/immunite-collective-deux-membres-du-conseil-scientifique-francais-font-le-point\">telle hypoth\u00e8se aujourd&rsquo;hui<\/a>\u00a0. Aucune enqu\u00eate de s\u00e9ropr\u00e9valence, c&rsquo;est-\u00e0-dire de gens ayant des anticorps, n&rsquo;\u00e9tablit que nous nous approchons du seuil de 50 \u00e0 60\u00a0% de personnes d\u00e9j\u00e0 infect\u00e9es \u00e0 partir duquel, effectivement, le virus ne parviendrait plus \u00e0 circuler aussi facilement. La proportion de personnes d&rsquo;ores et d\u00e9j\u00e0 immunis\u00e9es est, selon toutes les enqu\u00eates, de 10\u00a0% maximum, sauf dans quelques villes comme Manaus, Bombay ou Bergame. Il n&rsquo;est th\u00e9oriquement pas impossible que la proportion r\u00e9elle soit un peu sup\u00e9rieure, mais l&rsquo;hypoth\u00e8se que nous ayons d\u00e9j\u00e0 atteint un seuil d&rsquo;immunit\u00e9 collective n&rsquo;est pas compatible avec la circulation du virus constat\u00e9e actuellement dans de larges parties d&rsquo;Europe. Nous serons peut-\u00eatre \u00e0 ce seuil au printemps si l&rsquo;\u00e9pid\u00e9mie est intense cet automne et en hiver.<\/p>\n<\/div>\n<p class=\"sc-AxirZ sc-1ohdft1-0 eshQhq\">Yves Bourdillon<\/p>\n<p>&nbsp;<\/p>\n<\/div>\n<p><a href=\"https:\/\/www.lesechos.fr\/monde\/europe\/antoine-flahaut-on-ne-peut-pas-encore-parler-de-deuxieme-vague-en-europe-1242666\"><span style=\"text-decoration: underline;\">Lire l&rsquo;article sur le site des Echos<\/span><\/a><\/p>","protected":false},"excerpt":{"rendered":"<p>L&rsquo;\u00e9pid\u00e9miologiste juge pr\u00e9occupante la hausse des hospitalisations en France et en Espagne, mais souligne que la mortalit\u00e9 reste faible \u00e0 ce stade en Europe. Par\u00a0Yves Bourdillon Publi\u00e9 le 15 sept.<\/p>\n","protected":false},"author":3,"featured_media":13730,"comment_status":"closed","ping_status":"closed","sticky":false,"template":"","format":"standard","meta":{"footnotes":""},"categories":[23],"tags":[38,49,52,53],"class_list":["post-13729","post","type-post","status-publish","format-standard","has-post-thumbnail","hentry","category-news-room","tag-38","tag-covid-19","tag-pandemic","tag-pandemie"],"_links":{"self":[{"href":"https:\/\/www.worldpolicyconference.com\/fr\/wp-json\/wp\/v2\/posts\/13729","targetHints":{"allow":["GET"]}}],"collection":[{"href":"https:\/\/www.worldpolicyconference.com\/fr\/wp-json\/wp\/v2\/posts"}],"about":[{"href":"https:\/\/www.worldpolicyconference.com\/fr\/wp-json\/wp\/v2\/types\/post"}],"author":[{"embeddable":true,"href":"https:\/\/www.worldpolicyconference.com\/fr\/wp-json\/wp\/v2\/users\/3"}],"replies":[{"embeddable":true,"href":"https:\/\/www.worldpolicyconference.com\/fr\/wp-json\/wp\/v2\/comments?post=13729"}],"version-history":[{"count":0,"href":"https:\/\/www.worldpolicyconference.com\/fr\/wp-json\/wp\/v2\/posts\/13729\/revisions"}],"wp:featuredmedia":[{"embeddable":true,"href":"https:\/\/www.worldpolicyconference.com\/fr\/wp-json\/wp\/v2\/media\/13730"}],"wp:attachment":[{"href":"https:\/\/www.worldpolicyconference.com\/fr\/wp-json\/wp\/v2\/media?parent=13729"}],"wp:term":[{"taxonomy":"category","embeddable":true,"href":"https:\/\/www.worldpolicyconference.com\/fr\/wp-json\/wp\/v2\/categories?post=13729"},{"taxonomy":"post_tag","embeddable":true,"href":"https:\/\/www.worldpolicyconference.com\/fr\/wp-json\/wp\/v2\/tags?post=13729"}],"curies":[{"name":"wp","href":"https:\/\/api.w.org\/{rel}","templated":true}]}}