{"id":1373,"date":"2014-05-12T11:25:03","date_gmt":"2014-05-12T10:25:03","guid":{"rendered":"http:\/\/www.worldpolicyconference.com\/titus-corlatean\/"},"modified":"2018-05-03T16:46:02","modified_gmt":"2018-05-03T15:46:02","slug":"titus-corlatean","status":"publish","type":"post","link":"https:\/\/www.worldpolicyconference.com\/fr\/titus-corlatean\/","title":{"rendered":"Titus Corlatean"},"content":{"rendered":"<p><\/p>\n<p style=\"text-align: justify;\">Ministre des Affaires \u00e9trang\u00e8res de Roumanie depuis 2012. Pr\u00e9c\u00e9demment, il a \u00e9t\u00e9 ministre de la Justice (2012), s\u00e9nateur et pr\u00e9sident de la Commission pour la politique \u00e9trang\u00e8re du S\u00e9nat roumain (2008-2012). Il a \u00e9galement \u00e9t\u00e9 membre \u00e9lu du Parlement europ\u00e9en (2007-2008), membre du Parlement europ\u00e9en \u00e0 titre d\u2019observateur (2005-2006) et d\u00e9put\u00e9 du Parlement roumain (2003-2004). Il a aussi occup\u00e9\u00a0les fonctions\u00a0de conseiller personnel du Premier ministre pour les probl\u00e8mes de politique \u00e9trang\u00e8re (2001-2003),\u00a0et ministre d\u00e9l\u00e9gu\u00e9 charg\u00e9e des Roumains de l\u2019\u00e9tranger (2003-2004). Il a un doctorat en droit de l\u2019universit\u00e9 de Bucarest.<\/p>\n<p><\/p>","protected":false},"excerpt":{"rendered":"<p>Ministre des Affaires \u00e9trang\u00e8res de Roumanie depuis 2012. Pr\u00e9c\u00e9demment, il a \u00e9t\u00e9 ministre de la Justice (2012), s\u00e9nateur et pr\u00e9sident de la Commission pour la politique \u00e9trang\u00e8re du S\u00e9nat roumain<\/p>\n","protected":false},"author":1,"featured_media":9497,"comment_status":"closed","ping_status":"open","sticky":false,"template":"","format":"standard","meta":{"footnotes":""},"categories":[8],"tags":[10],"class_list":["post-1373","post","type-post","status-publish","format-standard","has-post-thumbnail","hentry","category-invited-guests","tag-10"],"_links":{"self":[{"href":"https:\/\/www.worldpolicyconference.com\/fr\/wp-json\/wp\/v2\/posts\/1373","targetHints":{"allow":["GET"]}}],"collection":[{"href":"https:\/\/www.worldpolicyconference.com\/fr\/wp-json\/wp\/v2\/posts"}],"about":[{"href":"https:\/\/www.worldpolicyconference.com\/fr\/wp-json\/wp\/v2\/types\/post"}],"author":[{"embeddable":true,"href":"https:\/\/www.worldpolicyconference.com\/fr\/wp-json\/wp\/v2\/users\/1"}],"replies":[{"embeddable":true,"href":"https:\/\/www.worldpolicyconference.com\/fr\/wp-json\/wp\/v2\/comments?post=1373"}],"version-history":[{"count":0,"href":"https:\/\/www.worldpolicyconference.com\/fr\/wp-json\/wp\/v2\/posts\/1373\/revisions"}],"wp:featuredmedia":[{"embeddable":true,"href":"https:\/\/www.worldpolicyconference.com\/fr\/wp-json\/wp\/v2\/media\/9497"}],"wp:attachment":[{"href":"https:\/\/www.worldpolicyconference.com\/fr\/wp-json\/wp\/v2\/media?parent=1373"}],"wp:term":[{"taxonomy":"category","embeddable":true,"href":"https:\/\/www.worldpolicyconference.com\/fr\/wp-json\/wp\/v2\/categories?post=1373"},{"taxonomy":"post_tag","embeddable":true,"href":"https:\/\/www.worldpolicyconference.com\/fr\/wp-json\/wp\/v2\/tags?post=1373"}],"curies":[{"name":"wp","href":"https:\/\/api.w.org\/{rel}","templated":true}]}}