{"id":1375,"date":"2014-05-12T11:25:27","date_gmt":"2014-05-12T10:25:27","guid":{"rendered":"http:\/\/www.worldpolicyconference.com\/patricia-manent\/"},"modified":"2018-05-15T09:49:57","modified_gmt":"2018-05-15T08:49:57","slug":"patricia-manent","status":"publish","type":"post","link":"https:\/\/www.worldpolicyconference.com\/fr\/patricia-manent\/","title":{"rendered":"Patricia Manent"},"content":{"rendered":"<p><\/p>\n<p style=\"text-align: justify;\">Directrice adjointe des Affaires publiques d&rsquo;Air France. Depuis 2010, Patricia Manent occupe le poste de Directrice adjointe des Affaires publiques au Cabinet du Pr\u00e9sident Directeur G\u00e9n\u00e9ral d&rsquo;Air France. De 2009 a 2010, elle a \u00e9t\u00e9 en charge des relations avec les institutions. De 1998 \u00e0 1999, elle a \u00e9t\u00e9 responsable du service Publicit\u00e9 &#8211; Commercial France Air France puis de 1999 \u00e0 2009, Patricia Manent a pris la t\u00eate du service Publicit\u00e9\u00a0 &#8211; Direction de la Communication Air France.<\/p>\n<p><\/p>","protected":false},"excerpt":{"rendered":"<p>Directrice adjointe des Affaires publiques d&rsquo;Air France. Depuis 2010, Patricia Manent occupe le poste de Directrice adjointe des Affaires publiques au Cabinet du Pr\u00e9sident Directeur G\u00e9n\u00e9ral d&rsquo;Air France. De 2009<\/p>\n","protected":false},"author":1,"featured_media":9996,"comment_status":"closed","ping_status":"open","sticky":false,"template":"","format":"standard","meta":{"footnotes":""},"categories":[8],"tags":[],"class_list":["post-1375","post","type-post","status-publish","format-standard","has-post-thumbnail","hentry","category-invited-guests"],"_links":{"self":[{"href":"https:\/\/www.worldpolicyconference.com\/fr\/wp-json\/wp\/v2\/posts\/1375","targetHints":{"allow":["GET"]}}],"collection":[{"href":"https:\/\/www.worldpolicyconference.com\/fr\/wp-json\/wp\/v2\/posts"}],"about":[{"href":"https:\/\/www.worldpolicyconference.com\/fr\/wp-json\/wp\/v2\/types\/post"}],"author":[{"embeddable":true,"href":"https:\/\/www.worldpolicyconference.com\/fr\/wp-json\/wp\/v2\/users\/1"}],"replies":[{"embeddable":true,"href":"https:\/\/www.worldpolicyconference.com\/fr\/wp-json\/wp\/v2\/comments?post=1375"}],"version-history":[{"count":0,"href":"https:\/\/www.worldpolicyconference.com\/fr\/wp-json\/wp\/v2\/posts\/1375\/revisions"}],"wp:featuredmedia":[{"embeddable":true,"href":"https:\/\/www.worldpolicyconference.com\/fr\/wp-json\/wp\/v2\/media\/9996"}],"wp:attachment":[{"href":"https:\/\/www.worldpolicyconference.com\/fr\/wp-json\/wp\/v2\/media?parent=1375"}],"wp:term":[{"taxonomy":"category","embeddable":true,"href":"https:\/\/www.worldpolicyconference.com\/fr\/wp-json\/wp\/v2\/categories?post=1375"},{"taxonomy":"post_tag","embeddable":true,"href":"https:\/\/www.worldpolicyconference.com\/fr\/wp-json\/wp\/v2\/tags?post=1375"}],"curies":[{"name":"wp","href":"https:\/\/api.w.org\/{rel}","templated":true}]}}