{"id":13765,"date":"2020-10-19T10:03:09","date_gmt":"2020-10-19T09:03:09","guid":{"rendered":"https:\/\/www.worldpolicyconference.com\/?p=13765"},"modified":"2020-10-19T10:03:09","modified_gmt":"2020-10-19T09:03:09","slug":"laurent-fabius-la-covid-est-moins-grave-que-le-dereglement-climatique","status":"publish","type":"post","link":"https:\/\/www.worldpolicyconference.com\/fr\/laurent-fabius-la-covid-est-moins-grave-que-le-dereglement-climatique\/","title":{"rendered":"Laurent Fabius : La Covid est moins grave que le d\u00e9r\u00e8glement climatique"},"content":{"rendered":"<p>16.10.2020 &#8211; Radio Classique<\/p>\n<p>Antoine Mouly<\/p>\n<p><img decoding=\"async\" src=\"https:\/\/www.radioclassique.fr\/wp-content\/thumbnails\/uploads\/2020\/10\/laurent-fabius-article-tt-width-978-height-383-crop-1-bgcolor-ffffff.jpg\" \/><\/p>\n<h1 class=\"entry-title\">La Covid est moins grave que le d\u00e9r\u00e8glement climatique au regard de la gravit\u00e9 des ph\u00e9nom\u00e8nes, selon Laurent Fabius<\/h1>\n<h2>Laurent Fabius, pr\u00e9sident du Conseil constitutionnel \u00e9tait ce matin l\u2019invit\u00e9 de Bernard Poirette. L\u2019ancien pr\u00e9sident de la COP 21, \u00e0 l\u2019occasion de la sortie de son livre \u00ab\u00a0<em>Rouge Carbone<\/em>\u00a0\u00bb aux \u00e9ditions de l\u2019Observatoire, est revenu sur le changement climatique. Il en a notamment soulign\u00e9 le danger, affirmant que ses cons\u00e9quences \u00e9taient plus graves que celle de la Covid.<\/h2>\n<h2>L\u2019\u00e9lection am\u00e9ricaine sera d\u00e9cisive dans la lutte contre le changement climatique<\/h2>\n<p>Interrog\u00e9 par Bernard Poirette sur les perquisitions chez Olivier V\u00e9ran, Agn\u00e8s Buzyn, Edouard Philippe et J\u00e9r\u00f4me Salomon dans le cadre de la gestion de la crise sanitaire, Laurent Fabius a expliqu\u00e9 que cette situation lui a \u00ab\u00a0<em>\u00e9videmment rappel\u00e9 son parcours<\/em>\u00a0\u00bb et l\u2019affaire du sang contamin\u00e9. Pour l\u2019ancien premier ministre, c\u2019est \u00ab\u00a0<em>une \u00e9vidence que les politiques doivent \u00eatre transparents\u00a0\u00bb<\/em>. Il estime par ailleurs qu\u2019 \u00ab\u00a0<em>il ne faut pas de politisation de la justice ni de judiciarisation de la politique<\/em>\u00a0\u00bb. Il est \u00e9galement revenu sur la formule de Georgina Dufoix \u00ab\u00a0<em>responsable mais pas coupable<\/em>\u00a0\u00bb qui est selon lui une \u00ab\u00a0<em>formule malheureuse<\/em>\u00a0\u00bb interpr\u00e9t\u00e9e par l\u2019opinion, \u00e0 tort, comme une formule exprimant que les politiques se d\u00e9filent devant leurs responsabilit\u00e9s.<\/p>\n<p>Ancien pr\u00e9sident de la COP 21, Laurent Fabius est revenu sur ce qu\u2019il restait de l\u2019accord de Paris. Pour lui, cet accord restera comme \u00ab\u00a0<em>le premier accord mondial sign\u00e9 par tous les pays du monde pour enrayer le changement climatique<\/em>\u00a0\u00bb. Il a expliqu\u00e9 que ce r\u00e9sultat a \u00e9t\u00e9 le fait de trois piliers : \u00ab\u00a0<em>le scientifique, la soci\u00e9t\u00e9 civile et le politique<\/em>\u00a0\u00bb. Estimant que les deux premiers piliers ont continu\u00e9 \u00e0 travailler dans le bon sens, il a point\u00e9 du doigt le manque dans la sph\u00e8re politique et l\u2019inaction de certains gouvernements : \u00ab\u00a0<em>l\u2019accord reste mais il faut que la volont\u00e9 politique soit mise en \u0153uvre<\/em>\u00a0\u00bb. Sur ce point, l\u2019ancien premier ministre est optimiste et a expliqu\u00e9 au micro de Bernard Poirette quels sont ses trois espoirs. Pour lui, le premier espoir r\u00e9side en l\u2019Europe, qui a une politique qui \u00ab\u00a0<em>va dans le bon sens<\/em>\u00a0\u00bb. Ensuite, il estime que la Chine repr\u00e9sente un espoir avec les r\u00e9centes annonces de son pr\u00e9sident Xi Jinping : \u00ab l<em>e pr\u00e9sident chinois a annonc\u00e9 vouloir la neutralit\u00e9 carbone en 2060<\/em>\u00a0\u00bb. Mais pour le pr\u00e9sident du Conseil constitutionnel, la grande question concerne l\u2019\u00e9lection am\u00e9ricaine qui se tiendra dans deux semaines : \u00ab\u00a0<em>Si Donald Trump est \u00e9lu, ce sera la catastrophe, alors que si c\u2019est Joe Biden, il r\u00e9int\u00e8grera l\u2019accord de Paris et fera pression pour le respecter<\/em>\u00a0\u00bb.<\/p>\n<h2>\u00ab\u00a0<em>La Covid est moins grave que le d\u00e9r\u00e8glement climatique\u00a0\u00bb<\/em><\/h2>\n<p>Laurent Fabius a expliqu\u00e9 ce qu\u2019il appelle le \u00ab\u00a0<em>giga paradoxe<\/em>\u00a0\u00bb. Selon lui, au regard de la gravit\u00e9 des ph\u00e9nom\u00e8nes, \u00ab<em>\u00a0la Covid est moins grave que le d\u00e9r\u00e8glement climatique<\/em>\u00a0\u00bb. Il a en effet rappel\u00e9 que le changement climatique cause plus de morts et a des cons\u00e9quences \u00e0 long terme plus grandes. Pour lui le grand effort \u00e0 faire est \u00ab\u00a0<em>de faire prendre conscience que ce probl\u00e8me est tout aussi important que la Covid<\/em>\u00a0\u00bb et que nous devons \u00ab\u00a0<em>mobiliser toutes nos forces<\/em>\u00a0\u00bb. Un changement d\u2019esprit doit s\u2019op\u00e9rer.<\/p>\n<p>Selon l\u2019actuel pr\u00e9sident du Conseil constitutionnel, \u00ab\u00a0<em>on ne peut pas se r\u00e9signer<\/em>\u00a0\u00bb face \u00e0 cette situation. Il a par ailleurs expliqu\u00e9 que le changement climatique ne sera pas un probl\u00e8me pour nos petits-enfants mais pour nous et que les \u00ab\u00a0<em>d\u00e9g\u00e2ts actuels sont d\u00e9j\u00e0 \u00e9pouvantables<\/em>\u00a0\u00bb. Evoquant le recul des gaz \u00e0 effet de serre pendant le confinement, il regrette que ces \u00e9missions \u00ab\u00a0<em>soient en train de repartir avec l\u2019activit\u00e9 \u00e9conomique<\/em>\u00a0\u00bb. Il a affirm\u00e9 la n\u00e9cessit\u00e9 de \u00ab\u00a0<em>relances vertes et non pas brunes<\/em>\u00a0\u00bb, des relances brunes qui risqueraient d\u2019accro\u00eetre encore plus les \u00e9missions de CO2 dans l\u2019atmosph\u00e8re. Laurent Fabius estime qu\u2019il est indispensable d\u2019 \u00ab<em>\u00a0int\u00e9grer la pr\u00e9occupation environnementale \u00e0 la relance \u00e9conomique<\/em>\u00a0\u00bb.<\/p>\n<p>Enfin, Bernard Poirette l\u2019a interrog\u00e9 sur sa vision du futur. Laurent Fabius s\u2019est dit \u00ab\u00a0<em>n\u2019\u00eatre ni optimiste, ni pessimiste mais volontariste<\/em>\u00a0\u00bb. Il a rappel\u00e9 l\u2019importance de tenir les engagements pris mais a aussi mis en garde expliquant qu\u2019il faut aller plus loin. Le pr\u00e9sident du Conseil constitutionnel a expliqu\u00e9 que \u00ab\u00a0<em>si les engagements de Paris \u00e9taient respect\u00e9s, nous limiterions le r\u00e9chauffement \u00e0 3 ou 4 degr\u00e9, alors que l\u2019objectif est de 2<\/em>\u00a0\u00bb. Ainsi, la COP de Glasgow qui se tiendra l\u2019ann\u00e9e prochaine aura un r\u00f4le d\u00e9terminant pour \u00e9valuer \u00e0 nouveau les objectifs.<\/p>\n<p><a href=\"https:\/\/www.radioclassique.fr\/magazine\/articles\/la-covid-est-moins-grave-que-le-dereglement-climatique-au-regard-de-la-gravite-des-phenomenes-selon-laurent-fabius\/?xtor=CS1-3050\">Retrouvez cette interview sur le site de Radio Classique.<\/a><\/p>\n","protected":false},"excerpt":{"rendered":"<p>16.10.2020 &#8211; Radio Classique Antoine Mouly La Covid est moins grave que le d\u00e9r\u00e8glement climatique au regard de la gravit\u00e9 des ph\u00e9nom\u00e8nes, selon Laurent Fabius Laurent Fabius, pr\u00e9sident du Conseil<\/p>\n","protected":false},"author":3,"featured_media":13766,"comment_status":"closed","ping_status":"closed","sticky":false,"template":"","format":"standard","meta":{"footnotes":""},"categories":[23],"tags":[],"class_list":["post-13765","post","type-post","status-publish","format-standard","has-post-thumbnail","hentry","category-news-room"],"_links":{"self":[{"href":"https:\/\/www.worldpolicyconference.com\/fr\/wp-json\/wp\/v2\/posts\/13765","targetHints":{"allow":["GET"]}}],"collection":[{"href":"https:\/\/www.worldpolicyconference.com\/fr\/wp-json\/wp\/v2\/posts"}],"about":[{"href":"https:\/\/www.worldpolicyconference.com\/fr\/wp-json\/wp\/v2\/types\/post"}],"author":[{"embeddable":true,"href":"https:\/\/www.worldpolicyconference.com\/fr\/wp-json\/wp\/v2\/users\/3"}],"replies":[{"embeddable":true,"href":"https:\/\/www.worldpolicyconference.com\/fr\/wp-json\/wp\/v2\/comments?post=13765"}],"version-history":[{"count":0,"href":"https:\/\/www.worldpolicyconference.com\/fr\/wp-json\/wp\/v2\/posts\/13765\/revisions"}],"wp:featuredmedia":[{"embeddable":true,"href":"https:\/\/www.worldpolicyconference.com\/fr\/wp-json\/wp\/v2\/media\/13766"}],"wp:attachment":[{"href":"https:\/\/www.worldpolicyconference.com\/fr\/wp-json\/wp\/v2\/media?parent=13765"}],"wp:term":[{"taxonomy":"category","embeddable":true,"href":"https:\/\/www.worldpolicyconference.com\/fr\/wp-json\/wp\/v2\/categories?post=13765"},{"taxonomy":"post_tag","embeddable":true,"href":"https:\/\/www.worldpolicyconference.com\/fr\/wp-json\/wp\/v2\/tags?post=13765"}],"curies":[{"name":"wp","href":"https:\/\/api.w.org\/{rel}","templated":true}]}}