{"id":1382,"date":"2014-05-12T11:27:43","date_gmt":"2014-05-12T10:27:43","guid":{"rendered":"http:\/\/www.worldpolicyconference.com\/daniel-costello\/"},"modified":"2018-06-12T15:32:09","modified_gmt":"2018-06-12T14:32:09","slug":"daniel-costello","status":"publish","type":"post","link":"https:\/\/www.worldpolicyconference.com\/fr\/daniel-costello\/","title":{"rendered":"Daniel Costello"},"content":{"rendered":"<p><\/p>\n<p style=\"text-align: justify;\">Directeur g\u00e9n\u00e9ral du Bureau de la politique strat\u00e9gique du minist\u00e8re des Affaires \u00e9trang\u00e8res et du Commerce international du Canada. Il a \u00e9t\u00e9 ambassadeur du Canada aupr\u00e8s de la R\u00e9publique de Pologne (2009-2012). Il a occup\u00e9 diff\u00e9rents postes au sein du minist\u00e8re des Affaires \u00e9trang\u00e8res tels que directeur g\u00e9n\u00e9ral, Relations intergouvernementales et Engagement aupr\u00e8s des citoyens (2005-2006), directeur g\u00e9n\u00e9ral, Union europ\u00e9enne et Europe de l\u2019Ouest (2006-2008). Il a \u00e9galement \u00e9t\u00e9 chef de cabinet du ministre des Affaires \u00e9trang\u00e8res (2002-2004). Il est dipl\u00f4m\u00e9 de l\u2019Universit\u00e9 McGill et de l\u2019Universit\u00e9 du Massachusetts.<\/p>\n<p><\/p>","protected":false},"excerpt":{"rendered":"<p>Directeur g\u00e9n\u00e9ral du Bureau de la politique strat\u00e9gique du minist\u00e8re des Affaires \u00e9trang\u00e8res et du Commerce international du Canada. Il a \u00e9t\u00e9 ambassadeur du Canada aupr\u00e8s de la R\u00e9publique de<\/p>\n","protected":false},"author":1,"featured_media":9498,"comment_status":"closed","ping_status":"open","sticky":false,"template":"","format":"standard","meta":{"footnotes":""},"categories":[8],"tags":[14],"class_list":["post-1382","post","type-post","status-publish","format-standard","has-post-thumbnail","hentry","category-invited-guests","tag-14"],"_links":{"self":[{"href":"https:\/\/www.worldpolicyconference.com\/fr\/wp-json\/wp\/v2\/posts\/1382","targetHints":{"allow":["GET"]}}],"collection":[{"href":"https:\/\/www.worldpolicyconference.com\/fr\/wp-json\/wp\/v2\/posts"}],"about":[{"href":"https:\/\/www.worldpolicyconference.com\/fr\/wp-json\/wp\/v2\/types\/post"}],"author":[{"embeddable":true,"href":"https:\/\/www.worldpolicyconference.com\/fr\/wp-json\/wp\/v2\/users\/1"}],"replies":[{"embeddable":true,"href":"https:\/\/www.worldpolicyconference.com\/fr\/wp-json\/wp\/v2\/comments?post=1382"}],"version-history":[{"count":0,"href":"https:\/\/www.worldpolicyconference.com\/fr\/wp-json\/wp\/v2\/posts\/1382\/revisions"}],"wp:featuredmedia":[{"embeddable":true,"href":"https:\/\/www.worldpolicyconference.com\/fr\/wp-json\/wp\/v2\/media\/9498"}],"wp:attachment":[{"href":"https:\/\/www.worldpolicyconference.com\/fr\/wp-json\/wp\/v2\/media?parent=1382"}],"wp:term":[{"taxonomy":"category","embeddable":true,"href":"https:\/\/www.worldpolicyconference.com\/fr\/wp-json\/wp\/v2\/categories?post=1382"},{"taxonomy":"post_tag","embeddable":true,"href":"https:\/\/www.worldpolicyconference.com\/fr\/wp-json\/wp\/v2\/tags?post=1382"}],"curies":[{"name":"wp","href":"https:\/\/api.w.org\/{rel}","templated":true}]}}