{"id":1386,"date":"2014-05-12T11:29:15","date_gmt":"2014-05-12T10:29:15","guid":{"rendered":"http:\/\/www.worldpolicyconference.com\/alexandra-gatej\/"},"modified":"2020-06-22T16:22:39","modified_gmt":"2020-06-22T15:22:39","slug":"alexandra-gatej","status":"publish","type":"post","link":"https:\/\/www.worldpolicyconference.com\/fr\/alexandra-gatej\/","title":{"rendered":"Alexandra Gatej"},"content":{"rendered":"<p><\/p>\n<p style=\"text-align: justify;\">Directeur ex\u00e9cutif de Maldon&#038;Wat depuis 2011. Elle a \u00e9t\u00e9 conseiller du Pr\u00e9sident de la Roumanie \u00a0(2009-2010). Elle a occup\u00e9 diff\u00e9rents postes au sein d\u2019Unilever Europe Centrale tels que directeur Business Development d\u2019Unilever Europe Centrale (2009), pr\u00e9sident (2005-2009), directeur marketing (2003-2005). Elle a \u00e9galement \u00e9t\u00e9 pr\u00e9sident de la Chambre de commerce am\u00e9ricaine de Roumanie (2011-2012\u00a0; 2008-2009). Elle est membre fondateur de l\u2019Institut Aspen en Roumanie. Elle est dipl\u00f4m\u00e9e de l\u2019Acad\u00e9mie d\u2019Etudes Economiques de Bucarest et de l\u2019universit\u00e9 Wharton.<\/p>\n<p><\/p>","protected":false},"excerpt":{"rendered":"<p>Directeur ex\u00e9cutif de Maldon&#038;Wat depuis 2011. Elle a \u00e9t\u00e9 conseiller du Pr\u00e9sident de la Roumanie \u00a0(2009-2010). Elle a occup\u00e9 diff\u00e9rents postes au sein d\u2019Unilever Europe Centrale tels que directeur Business<\/p>\n","protected":false},"author":1,"featured_media":9856,"comment_status":"closed","ping_status":"open","sticky":false,"template":"","format":"standard","meta":{"footnotes":""},"categories":[8],"tags":[14,20],"class_list":["post-1386","post","type-post","status-publish","format-standard","has-post-thumbnail","hentry","category-invited-guests","tag-14","tag-20"],"_links":{"self":[{"href":"https:\/\/www.worldpolicyconference.com\/fr\/wp-json\/wp\/v2\/posts\/1386","targetHints":{"allow":["GET"]}}],"collection":[{"href":"https:\/\/www.worldpolicyconference.com\/fr\/wp-json\/wp\/v2\/posts"}],"about":[{"href":"https:\/\/www.worldpolicyconference.com\/fr\/wp-json\/wp\/v2\/types\/post"}],"author":[{"embeddable":true,"href":"https:\/\/www.worldpolicyconference.com\/fr\/wp-json\/wp\/v2\/users\/1"}],"replies":[{"embeddable":true,"href":"https:\/\/www.worldpolicyconference.com\/fr\/wp-json\/wp\/v2\/comments?post=1386"}],"version-history":[{"count":0,"href":"https:\/\/www.worldpolicyconference.com\/fr\/wp-json\/wp\/v2\/posts\/1386\/revisions"}],"wp:featuredmedia":[{"embeddable":true,"href":"https:\/\/www.worldpolicyconference.com\/fr\/wp-json\/wp\/v2\/media\/9856"}],"wp:attachment":[{"href":"https:\/\/www.worldpolicyconference.com\/fr\/wp-json\/wp\/v2\/media?parent=1386"}],"wp:term":[{"taxonomy":"category","embeddable":true,"href":"https:\/\/www.worldpolicyconference.com\/fr\/wp-json\/wp\/v2\/categories?post=1386"},{"taxonomy":"post_tag","embeddable":true,"href":"https:\/\/www.worldpolicyconference.com\/fr\/wp-json\/wp\/v2\/tags?post=1386"}],"curies":[{"name":"wp","href":"https:\/\/api.w.org\/{rel}","templated":true}]}}