{"id":1388,"date":"2014-05-12T11:30:20","date_gmt":"2014-05-12T10:30:20","guid":{"rendered":"http:\/\/www.worldpolicyconference.com\/michle-gendreau-massaloux\/"},"modified":"2018-06-12T15:43:45","modified_gmt":"2018-06-12T14:43:45","slug":"michle-gendreau-massaloux","status":"publish","type":"post","link":"https:\/\/www.worldpolicyconference.com\/fr\/michle-gendreau-massaloux\/","title":{"rendered":"Mich\u00e8le Gendreau-Massaloux"},"content":{"rendered":"<p><\/p>\n<p style=\"text-align: justify;\">Recteur et Conseiller d\u2019Etat honoraire, responsable du p\u00f4le formation, enseignement sup\u00e9rieur, recherche et sant\u00e9, Mission interminist\u00e9rielle Union pour la M\u00e9diterran\u00e9e. Elle a \u00e9t\u00e9 recteur de l\u2019Agence Universitaire de la Francophonie (1999-2007), Professeur associ\u00e9 \u00e0 l\u2019Universit\u00e9 Paris VIII (1999-2009). Elle a \u00e9galement \u00e9t\u00e9 recteur de l\u2019Acad\u00e9mie de Paris, Chancelier des Universit\u00e9s de Paris (1989-1998), Secr\u00e9taire g\u00e9n\u00e9ral adjoint et Porte-parole de la Pr\u00e9sidence de la R\u00e9publique (1985-1988). Elle est dipl\u00f4m\u00e9e de l\u2019Ecole Normale Sup\u00e9rieure de S\u00e8vres, de la Sorbonne et de l\u2019Institut d\u2019Etudes Politiques de Paris.<\/p>\n<p><\/p>","protected":false},"excerpt":{"rendered":"<p>Recteur et Conseiller d\u2019Etat honoraire, responsable du p\u00f4le formation, enseignement sup\u00e9rieur, recherche et sant\u00e9, Mission interminist\u00e9rielle Union pour la M\u00e9diterran\u00e9e. Elle a \u00e9t\u00e9 recteur de l\u2019Agence Universitaire de la Francophonie<\/p>\n","protected":false},"author":1,"featured_media":9858,"comment_status":"closed","ping_status":"open","sticky":false,"template":"","format":"standard","meta":{"footnotes":""},"categories":[8],"tags":[14],"class_list":["post-1388","post","type-post","status-publish","format-standard","has-post-thumbnail","hentry","category-invited-guests","tag-14"],"_links":{"self":[{"href":"https:\/\/www.worldpolicyconference.com\/fr\/wp-json\/wp\/v2\/posts\/1388","targetHints":{"allow":["GET"]}}],"collection":[{"href":"https:\/\/www.worldpolicyconference.com\/fr\/wp-json\/wp\/v2\/posts"}],"about":[{"href":"https:\/\/www.worldpolicyconference.com\/fr\/wp-json\/wp\/v2\/types\/post"}],"author":[{"embeddable":true,"href":"https:\/\/www.worldpolicyconference.com\/fr\/wp-json\/wp\/v2\/users\/1"}],"replies":[{"embeddable":true,"href":"https:\/\/www.worldpolicyconference.com\/fr\/wp-json\/wp\/v2\/comments?post=1388"}],"version-history":[{"count":0,"href":"https:\/\/www.worldpolicyconference.com\/fr\/wp-json\/wp\/v2\/posts\/1388\/revisions"}],"wp:featuredmedia":[{"embeddable":true,"href":"https:\/\/www.worldpolicyconference.com\/fr\/wp-json\/wp\/v2\/media\/9858"}],"wp:attachment":[{"href":"https:\/\/www.worldpolicyconference.com\/fr\/wp-json\/wp\/v2\/media?parent=1388"}],"wp:term":[{"taxonomy":"category","embeddable":true,"href":"https:\/\/www.worldpolicyconference.com\/fr\/wp-json\/wp\/v2\/categories?post=1388"},{"taxonomy":"post_tag","embeddable":true,"href":"https:\/\/www.worldpolicyconference.com\/fr\/wp-json\/wp\/v2\/tags?post=1388"}],"curies":[{"name":"wp","href":"https:\/\/api.w.org\/{rel}","templated":true}]}}