{"id":1393,"date":"2014-05-12T11:32:11","date_gmt":"2014-05-12T10:32:11","guid":{"rendered":"http:\/\/www.worldpolicyconference.com\/adriana-hermin-mala\/"},"modified":"2020-06-22T16:31:28","modified_gmt":"2020-06-22T15:31:28","slug":"adriana-hermin-mala","status":"publish","type":"post","link":"https:\/\/www.worldpolicyconference.com\/fr\/adriana-hermin-mala\/","title":{"rendered":"Adriana Hermin Mala"},"content":{"rendered":"<p><\/p>\n<p style=\"text-align: justify;\">Consul g\u00e9n\u00e9ral de la R\u00e9publique d\u2019Indon\u00e9sie \u00e0 Marseille (France) depuis 2011. Elle a occup\u00e9 le poste de directeur adjoint pour l\u2019Am\u00e9rique du Sud et les Cara\u00efbes au minist\u00e8re indon\u00e9sien des Affaires \u00e9trang\u00e8res (2006-2011). Elle a \u00e9t\u00e9 ministre conseiller aux affaires politiques \u00e0 l\u2019ambassade d\u2019Indon\u00e9sie \u00e0 Ottawa (Canada). Elle a \u00e9galement \u00e9t\u00e9 directeur adjoint pour les affaires europ\u00e9ennes au minist\u00e8re indon\u00e9sien des Affaires \u00e9trang\u00e8res. Elle est dipl\u00f4m\u00e9e de la facult\u00e9 de droit de l\u2019Universit\u00e9 Hasanuddin, Indon\u00e9sie.<\/p>\n<p><\/p>","protected":false},"excerpt":{"rendered":"<p>Consul g\u00e9n\u00e9ral de la R\u00e9publique d\u2019Indon\u00e9sie \u00e0 Marseille (France) depuis 2011. Elle a occup\u00e9 le poste de directeur adjoint pour l\u2019Am\u00e9rique du Sud et les Cara\u00efbes au minist\u00e8re indon\u00e9sien des<\/p>\n","protected":false},"author":1,"featured_media":10014,"comment_status":"closed","ping_status":"open","sticky":false,"template":"","format":"standard","meta":{"footnotes":""},"categories":[8],"tags":[14],"class_list":["post-1393","post","type-post","status-publish","format-standard","has-post-thumbnail","hentry","category-invited-guests","tag-14"],"_links":{"self":[{"href":"https:\/\/www.worldpolicyconference.com\/fr\/wp-json\/wp\/v2\/posts\/1393","targetHints":{"allow":["GET"]}}],"collection":[{"href":"https:\/\/www.worldpolicyconference.com\/fr\/wp-json\/wp\/v2\/posts"}],"about":[{"href":"https:\/\/www.worldpolicyconference.com\/fr\/wp-json\/wp\/v2\/types\/post"}],"author":[{"embeddable":true,"href":"https:\/\/www.worldpolicyconference.com\/fr\/wp-json\/wp\/v2\/users\/1"}],"replies":[{"embeddable":true,"href":"https:\/\/www.worldpolicyconference.com\/fr\/wp-json\/wp\/v2\/comments?post=1393"}],"version-history":[{"count":0,"href":"https:\/\/www.worldpolicyconference.com\/fr\/wp-json\/wp\/v2\/posts\/1393\/revisions"}],"wp:featuredmedia":[{"embeddable":true,"href":"https:\/\/www.worldpolicyconference.com\/fr\/wp-json\/wp\/v2\/media\/10014"}],"wp:attachment":[{"href":"https:\/\/www.worldpolicyconference.com\/fr\/wp-json\/wp\/v2\/media?parent=1393"}],"wp:term":[{"taxonomy":"category","embeddable":true,"href":"https:\/\/www.worldpolicyconference.com\/fr\/wp-json\/wp\/v2\/categories?post=1393"},{"taxonomy":"post_tag","embeddable":true,"href":"https:\/\/www.worldpolicyconference.com\/fr\/wp-json\/wp\/v2\/tags?post=1393"}],"curies":[{"name":"wp","href":"https:\/\/api.w.org\/{rel}","templated":true}]}}