{"id":1399,"date":"2014-05-12T11:34:41","date_gmt":"2014-05-12T10:34:41","guid":{"rendered":"http:\/\/www.worldpolicyconference.com\/in-kook-park\/"},"modified":"2018-07-11T13:52:14","modified_gmt":"2018-07-11T12:52:14","slug":"in-kook-park","status":"publish","type":"post","link":"https:\/\/www.worldpolicyconference.com\/fr\/in-kook-park\/","title":{"rendered":"In-kook Park"},"content":{"rendered":"<p><\/p>\n<p style=\"text-align: justify;\">Pr\u00e9sident de la Korea Foundation for Advanced Studies. Il a \u00e9t\u00e9 ambassadeur et repr\u00e9sentant permanent de la R\u00e9publique de Cor\u00e9e aupr\u00e8s de l\u2019ONU (2008-2011), vice-ministre en charge des politiques et de la planification et des organisations internationales aupr\u00e8s du minist\u00e8re des Affaires \u00e9trang\u00e8res et du Commerce et ambassadeur au Kowe\u00eft (2003-2005). Il a \u00e9galement \u00e9t\u00e9 Secr\u00e9taire \u00e0 la s\u00e9curit\u00e9 internationale au Cabinet du Pr\u00e9sident (2002-2003). Il est titulaire d\u2019un dipl\u00f4me en langue et litt\u00e9rature chinoises et d\u2019un dipl\u00f4me de droit de l\u2019Universit\u00e9 nationale de S\u00e9oul.<\/p>\n<p><\/p>","protected":false},"excerpt":{"rendered":"<p>Pr\u00e9sident de la Korea Foundation for Advanced Studies. Il a \u00e9t\u00e9 ambassadeur et repr\u00e9sentant permanent de la R\u00e9publique de Cor\u00e9e aupr\u00e8s de l\u2019ONU (2008-2011), vice-ministre en charge des politiques et<\/p>\n","protected":false},"author":1,"featured_media":9716,"comment_status":"closed","ping_status":"open","sticky":false,"template":"","format":"standard","meta":{"footnotes":""},"categories":[8],"tags":[14,10,19,20,21,22],"class_list":["post-1399","post","type-post","status-publish","format-standard","has-post-thumbnail","hentry","category-invited-guests","tag-14","tag-10","tag-19","tag-20","tag-21","tag-22"],"_links":{"self":[{"href":"https:\/\/www.worldpolicyconference.com\/fr\/wp-json\/wp\/v2\/posts\/1399","targetHints":{"allow":["GET"]}}],"collection":[{"href":"https:\/\/www.worldpolicyconference.com\/fr\/wp-json\/wp\/v2\/posts"}],"about":[{"href":"https:\/\/www.worldpolicyconference.com\/fr\/wp-json\/wp\/v2\/types\/post"}],"author":[{"embeddable":true,"href":"https:\/\/www.worldpolicyconference.com\/fr\/wp-json\/wp\/v2\/users\/1"}],"replies":[{"embeddable":true,"href":"https:\/\/www.worldpolicyconference.com\/fr\/wp-json\/wp\/v2\/comments?post=1399"}],"version-history":[{"count":0,"href":"https:\/\/www.worldpolicyconference.com\/fr\/wp-json\/wp\/v2\/posts\/1399\/revisions"}],"wp:featuredmedia":[{"embeddable":true,"href":"https:\/\/www.worldpolicyconference.com\/fr\/wp-json\/wp\/v2\/media\/9716"}],"wp:attachment":[{"href":"https:\/\/www.worldpolicyconference.com\/fr\/wp-json\/wp\/v2\/media?parent=1399"}],"wp:term":[{"taxonomy":"category","embeddable":true,"href":"https:\/\/www.worldpolicyconference.com\/fr\/wp-json\/wp\/v2\/categories?post=1399"},{"taxonomy":"post_tag","embeddable":true,"href":"https:\/\/www.worldpolicyconference.com\/fr\/wp-json\/wp\/v2\/tags?post=1399"}],"curies":[{"name":"wp","href":"https:\/\/api.w.org\/{rel}","templated":true}]}}