{"id":1404,"date":"2014-05-12T11:36:01","date_gmt":"2014-05-12T10:36:01","guid":{"rendered":"http:\/\/www.worldpolicyconference.com\/wojciech-tycinski\/"},"modified":"2020-06-22T16:42:52","modified_gmt":"2020-06-22T15:42:52","slug":"wojciech-tycinski","status":"publish","type":"post","link":"https:\/\/www.worldpolicyconference.com\/fr\/wojciech-tycinski\/","title":{"rendered":"Wojciech Tycinski"},"content":{"rendered":"<p><\/p>\n<p style=\"text-align: justify;\">Consul g\u00e9n\u00e9ral de Pologne \u00e0 Lyon (France) depuis 2009. Il a \u00e9t\u00e9 directeur du d\u00e9partement des Communaut\u00e9s polonaises \u00e0 l\u2019\u00e9tranger au Minist\u00e8re des Affaires \u00e9trang\u00e8res (2009). Il a \u00e9galement occup\u00e9 le poste de consul g\u00e9n\u00e9ral de Pologne \u00e0 Edimbourg (Grande-Bretagne) (2001-2005) et \u00e0 Toronto (Canada) (1994-1999). Il a travaill\u00e9 \u00e0 l\u2019Acad\u00e9mie polonaise des sciences. Il est dipl\u00f4m\u00e9 en journalisme et en sciences politiques de l\u2019Universit\u00e9 de Varsovie.<\/p>\n<p><\/p>","protected":false},"excerpt":{"rendered":"<p>Consul g\u00e9n\u00e9ral de Pologne \u00e0 Lyon (France) depuis 2009. Il a \u00e9t\u00e9 directeur du d\u00e9partement des Communaut\u00e9s polonaises \u00e0 l\u2019\u00e9tranger au Minist\u00e8re des Affaires \u00e9trang\u00e8res (2009). Il a \u00e9galement occup\u00e9<\/p>\n","protected":false},"author":1,"featured_media":9432,"comment_status":"closed","ping_status":"open","sticky":false,"template":"","format":"standard","meta":{"footnotes":""},"categories":[8],"tags":[14],"class_list":["post-1404","post","type-post","status-publish","format-standard","has-post-thumbnail","hentry","category-invited-guests","tag-14"],"_links":{"self":[{"href":"https:\/\/www.worldpolicyconference.com\/fr\/wp-json\/wp\/v2\/posts\/1404","targetHints":{"allow":["GET"]}}],"collection":[{"href":"https:\/\/www.worldpolicyconference.com\/fr\/wp-json\/wp\/v2\/posts"}],"about":[{"href":"https:\/\/www.worldpolicyconference.com\/fr\/wp-json\/wp\/v2\/types\/post"}],"author":[{"embeddable":true,"href":"https:\/\/www.worldpolicyconference.com\/fr\/wp-json\/wp\/v2\/users\/1"}],"replies":[{"embeddable":true,"href":"https:\/\/www.worldpolicyconference.com\/fr\/wp-json\/wp\/v2\/comments?post=1404"}],"version-history":[{"count":0,"href":"https:\/\/www.worldpolicyconference.com\/fr\/wp-json\/wp\/v2\/posts\/1404\/revisions"}],"wp:featuredmedia":[{"embeddable":true,"href":"https:\/\/www.worldpolicyconference.com\/fr\/wp-json\/wp\/v2\/media\/9432"}],"wp:attachment":[{"href":"https:\/\/www.worldpolicyconference.com\/fr\/wp-json\/wp\/v2\/media?parent=1404"}],"wp:term":[{"taxonomy":"category","embeddable":true,"href":"https:\/\/www.worldpolicyconference.com\/fr\/wp-json\/wp\/v2\/categories?post=1404"},{"taxonomy":"post_tag","embeddable":true,"href":"https:\/\/www.worldpolicyconference.com\/fr\/wp-json\/wp\/v2\/tags?post=1404"}],"curies":[{"name":"wp","href":"https:\/\/api.w.org\/{rel}","templated":true}]}}