{"id":1421,"date":"2014-05-12T11:41:25","date_gmt":"2014-05-12T10:41:25","guid":{"rendered":"http:\/\/www.worldpolicyconference.com\/yossi-gal\/"},"modified":"2018-05-14T16:24:14","modified_gmt":"2018-05-14T15:24:14","slug":"yossi-gal","status":"publish","type":"post","link":"https:\/\/www.worldpolicyconference.com\/fr\/yossi-gal\/","title":{"rendered":"Yossi Gal"},"content":{"rendered":"<p><\/p>\n<p style=\"text-align: justify;\">Ambassadeur d\u2019Isra\u00ebl en France depuis 2010 et \u00e0 Monaco depuis 2011. Pr\u00e9c\u00e9demment, il \u00e9tait directeur g\u00e9n\u00e9ral des Affaires \u00e9trang\u00e8res \u00e0 J\u00e9rusalem. Il a notamment \u00e9t\u00e9 porte-parole de l\u2019ambassade isra\u00e9lienne \u00e0 Washington (1985-1989) et ambassadeur aux Pays-Bas (1995-2001). En 2001, il devient sous-directeur g\u00e9n\u00e9ral des Affaires \u00e9conomiques, favorise l\u2019entr\u00e9e d\u2019Isra\u00ebl dans l\u2019OCDE et renforce les liens du pays avec l\u2019Union europ\u00e9enne. De 1991 \u00e0 1995, il contribue \u00e9galement aux n\u00e9gociations de paix bilat\u00e9rales avec les Palestiniens et les Jordaniens en tant que porte-parole de la d\u00e9l\u00e9gation isra\u00e9lienne. Il a fait ses \u00e9tudes \u00e0 l\u2019Universit\u00e9 H\u00e9bra\u00efque de J\u00e9rusalem.<\/p>\n<p><\/p>","protected":false},"excerpt":{"rendered":"<p>Ambassadeur d\u2019Isra\u00ebl en France depuis 2010 et \u00e0 Monaco depuis 2011. Pr\u00e9c\u00e9demment, il \u00e9tait directeur g\u00e9n\u00e9ral des Affaires \u00e9trang\u00e8res \u00e0 J\u00e9rusalem. Il a notamment \u00e9t\u00e9 porte-parole de l\u2019ambassade isra\u00e9lienne \u00e0<\/p>\n","protected":false},"author":1,"featured_media":9852,"comment_status":"closed","ping_status":"open","sticky":false,"template":"","format":"standard","meta":{"footnotes":""},"categories":[8],"tags":[],"class_list":["post-1421","post","type-post","status-publish","format-standard","has-post-thumbnail","hentry","category-invited-guests"],"_links":{"self":[{"href":"https:\/\/www.worldpolicyconference.com\/fr\/wp-json\/wp\/v2\/posts\/1421","targetHints":{"allow":["GET"]}}],"collection":[{"href":"https:\/\/www.worldpolicyconference.com\/fr\/wp-json\/wp\/v2\/posts"}],"about":[{"href":"https:\/\/www.worldpolicyconference.com\/fr\/wp-json\/wp\/v2\/types\/post"}],"author":[{"embeddable":true,"href":"https:\/\/www.worldpolicyconference.com\/fr\/wp-json\/wp\/v2\/users\/1"}],"replies":[{"embeddable":true,"href":"https:\/\/www.worldpolicyconference.com\/fr\/wp-json\/wp\/v2\/comments?post=1421"}],"version-history":[{"count":0,"href":"https:\/\/www.worldpolicyconference.com\/fr\/wp-json\/wp\/v2\/posts\/1421\/revisions"}],"wp:featuredmedia":[{"embeddable":true,"href":"https:\/\/www.worldpolicyconference.com\/fr\/wp-json\/wp\/v2\/media\/9852"}],"wp:attachment":[{"href":"https:\/\/www.worldpolicyconference.com\/fr\/wp-json\/wp\/v2\/media?parent=1421"}],"wp:term":[{"taxonomy":"category","embeddable":true,"href":"https:\/\/www.worldpolicyconference.com\/fr\/wp-json\/wp\/v2\/categories?post=1421"},{"taxonomy":"post_tag","embeddable":true,"href":"https:\/\/www.worldpolicyconference.com\/fr\/wp-json\/wp\/v2\/tags?post=1421"}],"curies":[{"name":"wp","href":"https:\/\/api.w.org\/{rel}","templated":true}]}}