{"id":1423,"date":"2014-05-12T11:42:41","date_gmt":"2014-05-12T10:42:41","guid":{"rendered":"http:\/\/www.worldpolicyconference.com\/elisabeth-guigou\/"},"modified":"2023-09-07T11:04:05","modified_gmt":"2023-09-07T10:04:05","slug":"elisabeth-guigou","status":"publish","type":"post","link":"https:\/\/www.worldpolicyconference.com\/fr\/elisabeth-guigou\/","title":{"rendered":"Elisabeth Guigou"},"content":{"rendered":"<p><\/p>\n<p style=\"text-align: justify;\"><span style=\"font-weight: 400;\">Pr\u00e9sidente fondatrice d\u2019Europartenaires et ancienne pr\u00e9sidente de la Fondation Anna Lindh pour le dialogue des cultures euro-m\u00e9diterran\u00e9ennes. D\u2019abord administratrice au minist\u00e8re des Finances, elle a \u00e9t\u00e9 par la suite Secr\u00e9taire g\u00e9n\u00e9rale du Club de Paris. En 1981, elle a assur\u00e9 la fonction de conseill\u00e8re de Jacques Delors, ministre des Finances, avant d\u2019\u00eatre charg\u00e9e de mission aupr\u00e8s du Pr\u00e9sident de la R\u00e9publique entre 1982 et 1990. Ministre d\u00e9l\u00e9gu\u00e9e aux Affaires europ\u00e9ennes de 1990 \u00e0 1993, puis d\u00e9put\u00e9e au Parlement europ\u00e9en de 1994 \u00e0 1997, Elisabeth Guigou a \u00e9t\u00e9 Garde des Sceaux, ministre de la Justice de 1997 \u00e0 2000. En 2000, elle est nomm\u00e9e ministre de l\u2019Emploi et de la Solidarit\u00e9. Elle a ensuite \u00e9t\u00e9 d\u00e9put\u00e9e de Seine-Saint-Denis entre 2002 et 2017. Vice-pr\u00e9sidente de l\u2019Assembl\u00e9e nationale de 2010 \u00e0 2011, elle a occup\u00e9 le poste de pr\u00e9sidente de la Commission des Affaires \u00e9trang\u00e8res de l\u2019Assembl\u00e9e nationale de 2012 \u00e0 2017. Elle a \u00e9crit de nombreuses publications au fil des ann\u00e9es, notamment <em>L\u2019Europe. Les d\u00e9fis \u00e0 venir de la premi\u00e8re puissance mondiale<\/em> (Le Cherche Midi, 2014) et <em>Pour une Europe juste<\/em> (Le Cherche Midi, 2011).<\/span><\/p>\n<p><\/p>","protected":false},"excerpt":{"rendered":"<p>Pr\u00e9sidente fondatrice d\u2019Europartenaires et ancienne pr\u00e9sidente de la Fondation Anna Lindh pour le dialogue des cultures euro-m\u00e9diterran\u00e9ennes. D\u2019abord administratrice au minist\u00e8re des Finances, elle a \u00e9t\u00e9 par la suite Secr\u00e9taire<\/p>\n","protected":false},"author":1,"featured_media":15575,"comment_status":"closed","ping_status":"open","sticky":false,"template":"","format":"standard","meta":{"footnotes":""},"categories":[8],"tags":[10,19,20,21,22,25,30,127,153,154],"class_list":["post-1423","post","type-post","status-publish","format-standard","has-post-thumbnail","hentry","category-invited-guests","tag-10","tag-19","tag-20","tag-21","tag-22","tag-25","tag-30","tag-127","tag-153","tag-154"],"_links":{"self":[{"href":"https:\/\/www.worldpolicyconference.com\/fr\/wp-json\/wp\/v2\/posts\/1423","targetHints":{"allow":["GET"]}}],"collection":[{"href":"https:\/\/www.worldpolicyconference.com\/fr\/wp-json\/wp\/v2\/posts"}],"about":[{"href":"https:\/\/www.worldpolicyconference.com\/fr\/wp-json\/wp\/v2\/types\/post"}],"author":[{"embeddable":true,"href":"https:\/\/www.worldpolicyconference.com\/fr\/wp-json\/wp\/v2\/users\/1"}],"replies":[{"embeddable":true,"href":"https:\/\/www.worldpolicyconference.com\/fr\/wp-json\/wp\/v2\/comments?post=1423"}],"version-history":[{"count":0,"href":"https:\/\/www.worldpolicyconference.com\/fr\/wp-json\/wp\/v2\/posts\/1423\/revisions"}],"wp:featuredmedia":[{"embeddable":true,"href":"https:\/\/www.worldpolicyconference.com\/fr\/wp-json\/wp\/v2\/media\/15575"}],"wp:attachment":[{"href":"https:\/\/www.worldpolicyconference.com\/fr\/wp-json\/wp\/v2\/media?parent=1423"}],"wp:term":[{"taxonomy":"category","embeddable":true,"href":"https:\/\/www.worldpolicyconference.com\/fr\/wp-json\/wp\/v2\/categories?post=1423"},{"taxonomy":"post_tag","embeddable":true,"href":"https:\/\/www.worldpolicyconference.com\/fr\/wp-json\/wp\/v2\/tags?post=1423"}],"curies":[{"name":"wp","href":"https:\/\/api.w.org\/{rel}","templated":true}]}}