{"id":1433,"date":"2014-05-12T11:45:52","date_gmt":"2014-05-12T10:45:52","guid":{"rendered":"http:\/\/www.worldpolicyconference.com\/yves-leterme\/"},"modified":"2018-05-15T11:23:50","modified_gmt":"2018-05-15T10:23:50","slug":"yves-leterme","status":"publish","type":"post","link":"https:\/\/www.worldpolicyconference.com\/fr\/yves-leterme\/","title":{"rendered":"Yves Leterme"},"content":{"rendered":"<p><\/p>\n<p style=\"text-align: justify;\">Secr\u00e9taire g\u00e9n\u00e9ral adjoint de l\u2019OCDE depuis d\u00e9cembre 2011. Il est responsable des Affaires sociales, de l\u2019Education, de la Gouvernance et de l\u2019Entreprenariat. Avant de rejoindre l\u2019OCDE, il a occup\u00e9 diverses fonctions politiques en Belgique \u00e0 tous les niveaux et instances de l\u2019Etat. Il a \u00e9t\u00e9 d\u00e9put\u00e9 \u00e0 la Chambre des repr\u00e9sentants, Pr\u00e9sident de groupe, Secr\u00e9taire National, et Pr\u00e9sident du parti CD&#038;V, ministre-pr\u00e9sident du Gouvernement flamand, s\u00e9nateur f\u00e9d\u00e9ral, vice-Premier ministre, ministre du Budget et de la mobilit\u00e9, ministre des Affaires \u00e9trang\u00e8res et Premier ministre. Il est licenci\u00e9 en droit et sciences politiques de l\u2019universit\u00e9 de Gand.<\/p>\n<p><\/p>","protected":false},"excerpt":{"rendered":"<p>Secr\u00e9taire g\u00e9n\u00e9ral adjoint de l\u2019OCDE depuis d\u00e9cembre 2011. Il est responsable des Affaires sociales, de l\u2019Education, de la Gouvernance et de l\u2019Entreprenariat. Avant de rejoindre l\u2019OCDE, il a occup\u00e9 diverses<\/p>\n","protected":false},"author":1,"featured_media":10134,"comment_status":"closed","ping_status":"open","sticky":false,"template":"","format":"standard","meta":{"footnotes":""},"categories":[8],"tags":[10],"class_list":["post-1433","post","type-post","status-publish","format-standard","has-post-thumbnail","hentry","category-invited-guests","tag-10"],"_links":{"self":[{"href":"https:\/\/www.worldpolicyconference.com\/fr\/wp-json\/wp\/v2\/posts\/1433","targetHints":{"allow":["GET"]}}],"collection":[{"href":"https:\/\/www.worldpolicyconference.com\/fr\/wp-json\/wp\/v2\/posts"}],"about":[{"href":"https:\/\/www.worldpolicyconference.com\/fr\/wp-json\/wp\/v2\/types\/post"}],"author":[{"embeddable":true,"href":"https:\/\/www.worldpolicyconference.com\/fr\/wp-json\/wp\/v2\/users\/1"}],"replies":[{"embeddable":true,"href":"https:\/\/www.worldpolicyconference.com\/fr\/wp-json\/wp\/v2\/comments?post=1433"}],"version-history":[{"count":0,"href":"https:\/\/www.worldpolicyconference.com\/fr\/wp-json\/wp\/v2\/posts\/1433\/revisions"}],"wp:featuredmedia":[{"embeddable":true,"href":"https:\/\/www.worldpolicyconference.com\/fr\/wp-json\/wp\/v2\/media\/10134"}],"wp:attachment":[{"href":"https:\/\/www.worldpolicyconference.com\/fr\/wp-json\/wp\/v2\/media?parent=1433"}],"wp:term":[{"taxonomy":"category","embeddable":true,"href":"https:\/\/www.worldpolicyconference.com\/fr\/wp-json\/wp\/v2\/categories?post=1433"},{"taxonomy":"post_tag","embeddable":true,"href":"https:\/\/www.worldpolicyconference.com\/fr\/wp-json\/wp\/v2\/tags?post=1433"}],"curies":[{"name":"wp","href":"https:\/\/api.w.org\/{rel}","templated":true}]}}