{"id":1435,"date":"2014-05-12T11:46:31","date_gmt":"2014-05-12T10:46:31","guid":{"rendered":"http:\/\/www.worldpolicyconference.com\/jean-marc-sauv\/"},"modified":"2018-05-04T10:12:56","modified_gmt":"2018-05-04T09:12:56","slug":"jean-marc-sauv","status":"publish","type":"post","link":"https:\/\/www.worldpolicyconference.com\/fr\/jean-marc-sauv\/","title":{"rendered":"Jean-Marc Sauv\u00e9"},"content":{"rendered":"<p><\/p>\n<p style=\"text-align: justify;\">Vice-pr\u00e9sident du Conseil d&rsquo;\u00c9tat depuis 2006. Il est \u00e9galement pr\u00e9sident de l\u2019Association des Conseils d\u2019Etat et des juridictions administratives supr\u00eames de l\u2019Union europ\u00e9enne (ACA-Europe) depuis 2012 et pr\u00e9sident du comit\u00e9 institu\u00e9 par l\u2019article 255 du Trait\u00e9 sur le fonctionnement de l\u2019Union europ\u00e9enne (comit\u00e9 cr\u00e9\u00e9 par le Trait\u00e9 de Lisbonne et charg\u00e9 de donner un avis sur l\u2019ad\u00e9quation des candidats \u00e0 l\u2019exercice des fonctions de juge et d\u2019avocat g\u00e9n\u00e9ral \u00e0 la Cour de justice et au Tribunal de l\u2019Union europ\u00e9enne) depuis 2010. Il est dipl\u00f4m\u00e9 de l\u2019Institut d\u2019\u00e9tudes politiques de Paris, de l\u2019Universit\u00e9 Paris I et ancien \u00e9l\u00e8ve de\u00a0l\u2019ENA.<\/p>\n<p><\/p>","protected":false},"excerpt":{"rendered":"<p>Vice-pr\u00e9sident du Conseil d&rsquo;\u00c9tat depuis 2006. Il est \u00e9galement pr\u00e9sident de l\u2019Association des Conseils d\u2019Etat et des juridictions administratives supr\u00eames de l\u2019Union europ\u00e9enne (ACA-Europe) depuis 2012 et pr\u00e9sident du comit\u00e9<\/p>\n","protected":false},"author":1,"featured_media":9587,"comment_status":"closed","ping_status":"open","sticky":false,"template":"","format":"standard","meta":{"footnotes":""},"categories":[8],"tags":[10],"class_list":["post-1435","post","type-post","status-publish","format-standard","has-post-thumbnail","hentry","category-invited-guests","tag-10"],"_links":{"self":[{"href":"https:\/\/www.worldpolicyconference.com\/fr\/wp-json\/wp\/v2\/posts\/1435","targetHints":{"allow":["GET"]}}],"collection":[{"href":"https:\/\/www.worldpolicyconference.com\/fr\/wp-json\/wp\/v2\/posts"}],"about":[{"href":"https:\/\/www.worldpolicyconference.com\/fr\/wp-json\/wp\/v2\/types\/post"}],"author":[{"embeddable":true,"href":"https:\/\/www.worldpolicyconference.com\/fr\/wp-json\/wp\/v2\/users\/1"}],"replies":[{"embeddable":true,"href":"https:\/\/www.worldpolicyconference.com\/fr\/wp-json\/wp\/v2\/comments?post=1435"}],"version-history":[{"count":0,"href":"https:\/\/www.worldpolicyconference.com\/fr\/wp-json\/wp\/v2\/posts\/1435\/revisions"}],"wp:featuredmedia":[{"embeddable":true,"href":"https:\/\/www.worldpolicyconference.com\/fr\/wp-json\/wp\/v2\/media\/9587"}],"wp:attachment":[{"href":"https:\/\/www.worldpolicyconference.com\/fr\/wp-json\/wp\/v2\/media?parent=1435"}],"wp:term":[{"taxonomy":"category","embeddable":true,"href":"https:\/\/www.worldpolicyconference.com\/fr\/wp-json\/wp\/v2\/categories?post=1435"},{"taxonomy":"post_tag","embeddable":true,"href":"https:\/\/www.worldpolicyconference.com\/fr\/wp-json\/wp\/v2\/tags?post=1435"}],"curies":[{"name":"wp","href":"https:\/\/api.w.org\/{rel}","templated":true}]}}