{"id":1445,"date":"2014-05-12T11:49:46","date_gmt":"2014-05-12T10:49:46","guid":{"rendered":"http:\/\/www.worldpolicyconference.com\/tidjane-thiam\/"},"modified":"2018-05-03T16:28:04","modified_gmt":"2018-05-03T15:28:04","slug":"tidjane-thiam","status":"publish","type":"post","link":"https:\/\/www.worldpolicyconference.com\/fr\/tidjane-thiam\/","title":{"rendered":"Tidjane Thiam"},"content":{"rendered":"<p><\/p>\n<p style=\"text-align: justify;\">Directeur g\u00e9n\u00e9ral de Prudential plc depuis 2009, apr\u00e8s avoir rejoint le groupe en 2008 comme directeur financier.\u00a0 Il d\u00e9bute sa carri\u00e8re chez McKinsey &#038; Company. De 1994 \u00e0 1999, il est Directeur g\u00e9n\u00e9ral puis Pr\u00e9sident du Bureau National d&rsquo;\u00c9tudes Techniques et de D\u00e9veloppement (BNETD) de C\u00f4te d\u2019Ivoire et en 1998, il devient Ministre du Plan et du D\u00e9veloppement. Apr\u00e8s le coup d\u2019\u00c9tat de 1999, il retourne chez McKinsey, puis int\u00e8gre l\u2019\u00e9quipe dirigeante d\u2019Aviva, successivement comme directeur de la strat\u00e9gie et du d\u00e9veloppement du groupe, responsable des op\u00e9rations d\u2019Aviva International puis Directeur g\u00e9n\u00e9ral d\u2019Aviva Europe. Dipl\u00f4m\u00e9 de l\u2019\u00c9cole Polytechnique et de l\u2019\u00c9cole des Mines de Paris, il est titulaire d\u2019un MBA de l\u2019INSEAD. Il est chevalier de la L\u00e9gion d\u2019Honneur.<\/p>\n<p><\/p>","protected":false},"excerpt":{"rendered":"<p>Directeur g\u00e9n\u00e9ral de Prudential plc depuis 2009, apr\u00e8s avoir rejoint le groupe en 2008 comme directeur financier.\u00a0 Il d\u00e9bute sa carri\u00e8re chez McKinsey &#038; Company. De 1994 \u00e0 1999, il<\/p>\n","protected":false},"author":1,"featured_media":9470,"comment_status":"closed","ping_status":"open","sticky":false,"template":"","format":"standard","meta":{"footnotes":""},"categories":[8],"tags":[10],"class_list":["post-1445","post","type-post","status-publish","format-standard","has-post-thumbnail","hentry","category-invited-guests","tag-10"],"_links":{"self":[{"href":"https:\/\/www.worldpolicyconference.com\/fr\/wp-json\/wp\/v2\/posts\/1445","targetHints":{"allow":["GET"]}}],"collection":[{"href":"https:\/\/www.worldpolicyconference.com\/fr\/wp-json\/wp\/v2\/posts"}],"about":[{"href":"https:\/\/www.worldpolicyconference.com\/fr\/wp-json\/wp\/v2\/types\/post"}],"author":[{"embeddable":true,"href":"https:\/\/www.worldpolicyconference.com\/fr\/wp-json\/wp\/v2\/users\/1"}],"replies":[{"embeddable":true,"href":"https:\/\/www.worldpolicyconference.com\/fr\/wp-json\/wp\/v2\/comments?post=1445"}],"version-history":[{"count":0,"href":"https:\/\/www.worldpolicyconference.com\/fr\/wp-json\/wp\/v2\/posts\/1445\/revisions"}],"wp:featuredmedia":[{"embeddable":true,"href":"https:\/\/www.worldpolicyconference.com\/fr\/wp-json\/wp\/v2\/media\/9470"}],"wp:attachment":[{"href":"https:\/\/www.worldpolicyconference.com\/fr\/wp-json\/wp\/v2\/media?parent=1445"}],"wp:term":[{"taxonomy":"category","embeddable":true,"href":"https:\/\/www.worldpolicyconference.com\/fr\/wp-json\/wp\/v2\/categories?post=1445"},{"taxonomy":"post_tag","embeddable":true,"href":"https:\/\/www.worldpolicyconference.com\/fr\/wp-json\/wp\/v2\/tags?post=1445"}],"curies":[{"name":"wp","href":"https:\/\/api.w.org\/{rel}","templated":true}]}}