{"id":1447,"date":"2014-05-12T11:50:21","date_gmt":"2014-05-12T10:50:21","guid":{"rendered":"http:\/\/www.worldpolicyconference.com\/amalric-veret\/"},"modified":"2019-07-22T13:48:54","modified_gmt":"2019-07-22T12:48:54","slug":"amalric-veret","status":"publish","type":"post","link":"https:\/\/www.worldpolicyconference.com\/fr\/amalric-veret\/","title":{"rendered":"Amalric Veret"},"content":{"rendered":"<p><span style=\"font-weight: 400;\">PDG de Pronutri et des Laboratoires Activa et Nutrilab. Il a fait de Pronutri une entreprise \u00e0 dimension internationale, et qui est ainsi devenue un des acteurs majeurs sur le march\u00e9 des compl\u00e9ments alimentaires. Il a d\u00e9velopp\u00e9 plusieurs filiales en Europe, aux Etats-Unis et en Asie, faisant de Nutripuncture\u2122 une marque internationale. En 1999, il a cr\u00e9\u00e9 les laboratoires Activa dans le but de d\u00e9velopper un nouvel ensemble innovant de technologies pour le march\u00e9 des compl\u00e9ments alimentaires. Il est dipl\u00f4m\u00e9 de l\u2019Universit\u00e9 Paris Dauphine en finance et marketing.<\/span><\/p>","protected":false},"excerpt":{"rendered":"<p>PDG de Pronutri et des Laboratoires Activa et Nutrilab. Il a fait de Pronutri une entreprise \u00e0 dimension internationale, et qui est ainsi devenue un des acteurs majeurs sur le<\/p>\n","protected":false},"author":1,"featured_media":10785,"comment_status":"closed","ping_status":"open","sticky":false,"template":"","format":"standard","meta":{"footnotes":""},"categories":[8],"tags":[14,10,21,22,30],"class_list":["post-1447","post","type-post","status-publish","format-standard","has-post-thumbnail","hentry","category-invited-guests","tag-14","tag-10","tag-21","tag-22","tag-30"],"_links":{"self":[{"href":"https:\/\/www.worldpolicyconference.com\/fr\/wp-json\/wp\/v2\/posts\/1447","targetHints":{"allow":["GET"]}}],"collection":[{"href":"https:\/\/www.worldpolicyconference.com\/fr\/wp-json\/wp\/v2\/posts"}],"about":[{"href":"https:\/\/www.worldpolicyconference.com\/fr\/wp-json\/wp\/v2\/types\/post"}],"author":[{"embeddable":true,"href":"https:\/\/www.worldpolicyconference.com\/fr\/wp-json\/wp\/v2\/users\/1"}],"replies":[{"embeddable":true,"href":"https:\/\/www.worldpolicyconference.com\/fr\/wp-json\/wp\/v2\/comments?post=1447"}],"version-history":[{"count":0,"href":"https:\/\/www.worldpolicyconference.com\/fr\/wp-json\/wp\/v2\/posts\/1447\/revisions"}],"wp:featuredmedia":[{"embeddable":true,"href":"https:\/\/www.worldpolicyconference.com\/fr\/wp-json\/wp\/v2\/media\/10785"}],"wp:attachment":[{"href":"https:\/\/www.worldpolicyconference.com\/fr\/wp-json\/wp\/v2\/media?parent=1447"}],"wp:term":[{"taxonomy":"category","embeddable":true,"href":"https:\/\/www.worldpolicyconference.com\/fr\/wp-json\/wp\/v2\/categories?post=1447"},{"taxonomy":"post_tag","embeddable":true,"href":"https:\/\/www.worldpolicyconference.com\/fr\/wp-json\/wp\/v2\/tags?post=1447"}],"curies":[{"name":"wp","href":"https:\/\/api.w.org\/{rel}","templated":true}]}}