{"id":1451,"date":"2014-05-12T11:51:23","date_gmt":"2014-05-12T10:51:23","guid":{"rendered":"http:\/\/www.worldpolicyconference.com\/jean-luc-allavena\/"},"modified":"2018-06-13T10:05:37","modified_gmt":"2018-06-13T09:05:37","slug":"jean-luc-allavena","status":"publish","type":"post","link":"https:\/\/www.worldpolicyconference.com\/fr\/jean-luc-allavena\/","title":{"rendered":"Jean-Luc Allavena"},"content":{"rendered":"<p>Associ\u00e9 de Apollo Management et pr\u00e9sident\u00a0d\u2019honneur\u00a0de la French-American Foundation. Il est\u00a0\u00e9galement pr\u00e9sident d\u2019honneur de la Fondation HEC et de l\u2019Association des dipl\u00f4m\u00e9s d\u2019HEC. Il a d\u00e9but\u00e9 sa carri\u00e8re \u00e0 la banque Paribas (1986-1988), puis \u00e0 la Lyonnaise des Eaux (1989-1992). Il a \u00e9t\u00e9 administrateur-directeur g\u00e9n\u00e9ral du groupe Techpack International (Pechiney-LBO France) (1996-1999) apr\u00e8s en avoir \u00e9t\u00e9 directeur financier (1992-1996)\u00a0puis pr\u00e9sident de la division packaging Cosm\u00e9tologie Luxe Monde de Pechiney (1999-2000). Il a\u00a0\u00e9t\u00e9\u00a0ensuite\u00a0directeur g\u00e9n\u00e9ral adjoint du groupe Lagard\u00e8re M\u00e9dia (2000-2005) puis directeur de Cabinet de S.A.S le Prince Albert II de Monaco (2005-2006).\u00a0Il est dipl\u00f4m\u00e9 de HEC (Promotion 1986).<\/p>","protected":false},"excerpt":{"rendered":"<p>Associ\u00e9 de Apollo Management et pr\u00e9sident\u00a0d\u2019honneur\u00a0de la French-American Foundation. Il est\u00a0\u00e9galement pr\u00e9sident d\u2019honneur de la Fondation HEC et de l\u2019Association des dipl\u00f4m\u00e9s d\u2019HEC. Il a d\u00e9but\u00e9 sa carri\u00e8re \u00e0 la<\/p>\n","protected":false},"author":1,"featured_media":9209,"comment_status":"closed","ping_status":"open","sticky":false,"template":"","format":"standard","meta":{"footnotes":""},"categories":[8],"tags":[10],"class_list":["post-1451","post","type-post","status-publish","format-standard","has-post-thumbnail","hentry","category-invited-guests","tag-10"],"_links":{"self":[{"href":"https:\/\/www.worldpolicyconference.com\/fr\/wp-json\/wp\/v2\/posts\/1451","targetHints":{"allow":["GET"]}}],"collection":[{"href":"https:\/\/www.worldpolicyconference.com\/fr\/wp-json\/wp\/v2\/posts"}],"about":[{"href":"https:\/\/www.worldpolicyconference.com\/fr\/wp-json\/wp\/v2\/types\/post"}],"author":[{"embeddable":true,"href":"https:\/\/www.worldpolicyconference.com\/fr\/wp-json\/wp\/v2\/users\/1"}],"replies":[{"embeddable":true,"href":"https:\/\/www.worldpolicyconference.com\/fr\/wp-json\/wp\/v2\/comments?post=1451"}],"version-history":[{"count":0,"href":"https:\/\/www.worldpolicyconference.com\/fr\/wp-json\/wp\/v2\/posts\/1451\/revisions"}],"wp:featuredmedia":[{"embeddable":true,"href":"https:\/\/www.worldpolicyconference.com\/fr\/wp-json\/wp\/v2\/media\/9209"}],"wp:attachment":[{"href":"https:\/\/www.worldpolicyconference.com\/fr\/wp-json\/wp\/v2\/media?parent=1451"}],"wp:term":[{"taxonomy":"category","embeddable":true,"href":"https:\/\/www.worldpolicyconference.com\/fr\/wp-json\/wp\/v2\/categories?post=1451"},{"taxonomy":"post_tag","embeddable":true,"href":"https:\/\/www.worldpolicyconference.com\/fr\/wp-json\/wp\/v2\/tags?post=1451"}],"curies":[{"name":"wp","href":"https:\/\/api.w.org\/{rel}","templated":true}]}}