{"id":1453,"date":"2014-05-12T11:52:02","date_gmt":"2014-05-12T10:52:02","guid":{"rendered":"http:\/\/www.worldpolicyconference.com\/pawel-kowal\/"},"modified":"2026-04-16T22:14:49","modified_gmt":"2026-04-16T21:14:49","slug":"pawel-kowal","status":"publish","type":"post","link":"https:\/\/www.worldpolicyconference.com\/fr\/pawel-kowal\/","title":{"rendered":"Pawel Kowal"},"content":{"rendered":"<p><\/p>\n<p style=\"text-align: justify;\"><span style=\"font-weight: 400;\">Pr\u00e9sident de la commission des Affaires \u00e9trang\u00e8res du Parlement polonais et pr\u00e9sident du Conseil pour la coop\u00e9ration avec l\u2019Ukraine. Professeur \u00e0 l\u2019Institut d\u2019\u00e9tudes politiques de l\u2019Acad\u00e9mie polonaise des sciences. Il est un expert en sciences politiques et en politiques de l&rsquo;Est, historien, chroniqueur, co-fondateur du Mus\u00e9e de l&rsquo;Insurrection de Varsovie, professeur \u00e0 l&rsquo;Universit\u00e9 de Varsovie et pr\u00e9sident du Conseil scientifique de la station de recherche de l&rsquo;Acad\u00e9mie polonaise des sciences \u00e0 Kiev. Il a \u00e9t\u00e9 d\u00e9put\u00e9 europ\u00e9en et a travaill\u00e9 au sein des Comit\u00e9s des Affaires \u00e9trang\u00e8res et de la S\u00e9curit\u00e9 et D\u00e9fense (2009-2014). Il est membre de la chambre basse du Parlement polonais &#8211; Sejm. Il a \u00e9galement \u00e9t\u00e9 secr\u00e9taire d\u2019\u00c9tat au minist\u00e8re des Affaires \u00e9trang\u00e8res de Pologne et membre du Conseil de s\u00e9curit\u00e9 national (2006-2007). Auteur de nombreuses publications sur les processus de transformation en Europe centrale et de l&rsquo;Est, il est membre du comit\u00e9 de r\u00e9daction de la parution bimestrielle New Eastern Europe et du conseil de surveillance d\u2019Alwernia SA.<\/span><\/p>\n<p><\/p>","protected":false},"excerpt":{"rendered":"<p>Pr\u00e9sident de la commission des Affaires \u00e9trang\u00e8res du Parlement polonais et pr\u00e9sident du Conseil pour la coop\u00e9ration avec l\u2019Ukraine. Professeur \u00e0 l\u2019Institut d\u2019\u00e9tudes politiques de l\u2019Acad\u00e9mie polonaise des sciences. Il<\/p>\n","protected":false},"author":1,"featured_media":17528,"comment_status":"closed","ping_status":"open","sticky":false,"template":"","format":"standard","meta":{"footnotes":""},"categories":[8],"tags":[10,19,20,21,22,25,30,127,153,154,155,157],"class_list":["post-1453","post","type-post","status-publish","format-standard","has-post-thumbnail","hentry","category-invited-guests","tag-10","tag-19","tag-20","tag-21","tag-22","tag-25","tag-30","tag-127","tag-153","tag-154","tag-155","tag-157"],"_links":{"self":[{"href":"https:\/\/www.worldpolicyconference.com\/fr\/wp-json\/wp\/v2\/posts\/1453","targetHints":{"allow":["GET"]}}],"collection":[{"href":"https:\/\/www.worldpolicyconference.com\/fr\/wp-json\/wp\/v2\/posts"}],"about":[{"href":"https:\/\/www.worldpolicyconference.com\/fr\/wp-json\/wp\/v2\/types\/post"}],"author":[{"embeddable":true,"href":"https:\/\/www.worldpolicyconference.com\/fr\/wp-json\/wp\/v2\/users\/1"}],"replies":[{"embeddable":true,"href":"https:\/\/www.worldpolicyconference.com\/fr\/wp-json\/wp\/v2\/comments?post=1453"}],"version-history":[{"count":0,"href":"https:\/\/www.worldpolicyconference.com\/fr\/wp-json\/wp\/v2\/posts\/1453\/revisions"}],"wp:featuredmedia":[{"embeddable":true,"href":"https:\/\/www.worldpolicyconference.com\/fr\/wp-json\/wp\/v2\/media\/17528"}],"wp:attachment":[{"href":"https:\/\/www.worldpolicyconference.com\/fr\/wp-json\/wp\/v2\/media?parent=1453"}],"wp:term":[{"taxonomy":"category","embeddable":true,"href":"https:\/\/www.worldpolicyconference.com\/fr\/wp-json\/wp\/v2\/categories?post=1453"},{"taxonomy":"post_tag","embeddable":true,"href":"https:\/\/www.worldpolicyconference.com\/fr\/wp-json\/wp\/v2\/tags?post=1453"}],"curies":[{"name":"wp","href":"https:\/\/api.w.org\/{rel}","templated":true}]}}