{"id":1471,"date":"2014-05-12T11:57:14","date_gmt":"2014-05-12T10:57:14","guid":{"rendered":"http:\/\/www.worldpolicyconference.com\/renaud-girard\/"},"modified":"2026-04-16T18:35:27","modified_gmt":"2026-04-16T17:35:27","slug":"renaud-girard","status":"publish","type":"post","link":"https:\/\/www.worldpolicyconference.com\/fr\/renaud-girard\/","title":{"rendered":"Renaud Girard"},"content":{"rendered":"<p><\/p>\n<p style=\"text-align: justify;\"><span style=\"font-weight: 400;\">Grand reporter et chroniqueur international du journal <em>Le Figaro<\/em>. Il couvre les grandes crises politiques et les principaux conflits arm\u00e9s de la plan\u00e8te depuis plus de quarante ans. Expert en g\u00e9opolitique, il publie tous les mardis sa chronique internationale dans <em>Le Figaro<\/em>. Il a \u00e9crit plusieurs ouvrages sur le Moyen-Orient et sur les grands enjeux diplomatiques de l\u2019Occident. Il anime r\u00e9guli\u00e8rement des conf\u00e9rences internationales. Il est aussi professeur de strat\u00e9gie \u00e0 l\u2019Institut d\u2019\u00e9tudes politiques de Paris et membre du comit\u00e9 de r\u00e9daction de la <em>Revue des Deux Mondes<\/em>. Il a re\u00e7u en 2014 le Grand Prix de la Presse Internationale, d\u00e9cern\u00e9 par les correspondants \u00e9trangers en poste \u00e0 Paris. Ancien \u00e9l\u00e8ve de l\u2019\u00c9cole normale sup\u00e9rieure et de l\u2019\u00c9cole nationale d\u2019administration.<br \/>\n<\/span><\/p>\n<p><\/p>","protected":false},"excerpt":{"rendered":"<p>Grand reporter et chroniqueur international du journal Le Figaro. Il couvre les grandes crises politiques et les principaux conflits arm\u00e9s de la plan\u00e8te depuis plus de quarante ans. Expert en<\/p>\n","protected":false},"author":1,"featured_media":14112,"comment_status":"closed","ping_status":"open","sticky":false,"template":"","format":"standard","meta":{"footnotes":""},"categories":[8],"tags":[10,20,21,22,25,30,127,153,154,155,157],"class_list":["post-1471","post","type-post","status-publish","format-standard","has-post-thumbnail","hentry","category-invited-guests","tag-10","tag-20","tag-21","tag-22","tag-25","tag-30","tag-127","tag-153","tag-154","tag-155","tag-157"],"_links":{"self":[{"href":"https:\/\/www.worldpolicyconference.com\/fr\/wp-json\/wp\/v2\/posts\/1471","targetHints":{"allow":["GET"]}}],"collection":[{"href":"https:\/\/www.worldpolicyconference.com\/fr\/wp-json\/wp\/v2\/posts"}],"about":[{"href":"https:\/\/www.worldpolicyconference.com\/fr\/wp-json\/wp\/v2\/types\/post"}],"author":[{"embeddable":true,"href":"https:\/\/www.worldpolicyconference.com\/fr\/wp-json\/wp\/v2\/users\/1"}],"replies":[{"embeddable":true,"href":"https:\/\/www.worldpolicyconference.com\/fr\/wp-json\/wp\/v2\/comments?post=1471"}],"version-history":[{"count":0,"href":"https:\/\/www.worldpolicyconference.com\/fr\/wp-json\/wp\/v2\/posts\/1471\/revisions"}],"wp:featuredmedia":[{"embeddable":true,"href":"https:\/\/www.worldpolicyconference.com\/fr\/wp-json\/wp\/v2\/media\/14112"}],"wp:attachment":[{"href":"https:\/\/www.worldpolicyconference.com\/fr\/wp-json\/wp\/v2\/media?parent=1471"}],"wp:term":[{"taxonomy":"category","embeddable":true,"href":"https:\/\/www.worldpolicyconference.com\/fr\/wp-json\/wp\/v2\/categories?post=1471"},{"taxonomy":"post_tag","embeddable":true,"href":"https:\/\/www.worldpolicyconference.com\/fr\/wp-json\/wp\/v2\/tags?post=1471"}],"curies":[{"name":"wp","href":"https:\/\/api.w.org\/{rel}","templated":true}]}}