{"id":1473,"date":"2014-05-12T11:57:46","date_gmt":"2014-05-12T10:57:46","guid":{"rendered":"http:\/\/www.worldpolicyconference.com\/patrick-vercauteren-drubbel\/"},"modified":"2018-05-03T15:54:36","modified_gmt":"2018-05-03T14:54:36","slug":"patrick-vercauteren-drubbel","status":"publish","type":"post","link":"https:\/\/www.worldpolicyconference.com\/fr\/patrick-vercauteren-drubbel\/","title":{"rendered":"Patrick Vercauteren Drubbel"},"content":{"rendered":"<p><\/p>\n<p style=\"text-align: justify;\">Ambassadeur du Royaume de Belgique en France et \u00e0 Monaco depuis 2011. Il a commenc\u00e9 sa carri\u00e8re au sein du minist\u00e8re des Affaires \u00e9trang\u00e8res en 1981. Il a notamment \u00e9t\u00e9 ambassadeur au Maroc, en Mauritanie et au Cap Vert (2005-2009) et au Luxembourg (2000-2002). Il a \u00e9galement occup\u00e9 le poste de directeur de cabinet du ministre des Affaires \u00e9trang\u00e8res (1999-2000). Il a repr\u00e9sent\u00e9 la Belgique aupr\u00e8s de l\u2019OTAN (1991-1995). En 2012, il a \u00e9t\u00e9 conf\u00e9rencier \u00e0 l\u2019Ecole nationale d\u2019administration (ENA) \u00e0 Paris sur l\u2019avenir de la diplomatie. Il est dipl\u00f4m\u00e9 en droit et sciences notariales.<\/p>\n<p><\/p>","protected":false},"excerpt":{"rendered":"<p>Ambassadeur du Royaume de Belgique en France et \u00e0 Monaco depuis 2011. Il a commenc\u00e9 sa carri\u00e8re au sein du minist\u00e8re des Affaires \u00e9trang\u00e8res en 1981. Il a notamment \u00e9t\u00e9<\/p>\n","protected":false},"author":1,"featured_media":9373,"comment_status":"closed","ping_status":"open","sticky":false,"template":"","format":"standard","meta":{"footnotes":""},"categories":[8],"tags":[10],"class_list":["post-1473","post","type-post","status-publish","format-standard","has-post-thumbnail","hentry","category-invited-guests","tag-10"],"_links":{"self":[{"href":"https:\/\/www.worldpolicyconference.com\/fr\/wp-json\/wp\/v2\/posts\/1473","targetHints":{"allow":["GET"]}}],"collection":[{"href":"https:\/\/www.worldpolicyconference.com\/fr\/wp-json\/wp\/v2\/posts"}],"about":[{"href":"https:\/\/www.worldpolicyconference.com\/fr\/wp-json\/wp\/v2\/types\/post"}],"author":[{"embeddable":true,"href":"https:\/\/www.worldpolicyconference.com\/fr\/wp-json\/wp\/v2\/users\/1"}],"replies":[{"embeddable":true,"href":"https:\/\/www.worldpolicyconference.com\/fr\/wp-json\/wp\/v2\/comments?post=1473"}],"version-history":[{"count":0,"href":"https:\/\/www.worldpolicyconference.com\/fr\/wp-json\/wp\/v2\/posts\/1473\/revisions"}],"wp:featuredmedia":[{"embeddable":true,"href":"https:\/\/www.worldpolicyconference.com\/fr\/wp-json\/wp\/v2\/media\/9373"}],"wp:attachment":[{"href":"https:\/\/www.worldpolicyconference.com\/fr\/wp-json\/wp\/v2\/media?parent=1473"}],"wp:term":[{"taxonomy":"category","embeddable":true,"href":"https:\/\/www.worldpolicyconference.com\/fr\/wp-json\/wp\/v2\/categories?post=1473"},{"taxonomy":"post_tag","embeddable":true,"href":"https:\/\/www.worldpolicyconference.com\/fr\/wp-json\/wp\/v2\/tags?post=1473"}],"curies":[{"name":"wp","href":"https:\/\/api.w.org\/{rel}","templated":true}]}}