{"id":1475,"date":"2014-05-12T11:58:33","date_gmt":"2014-05-12T10:58:33","guid":{"rendered":"http:\/\/www.worldpolicyconference.com\/mireille-delmas-marty\/"},"modified":"2018-05-04T11:33:24","modified_gmt":"2018-05-04T10:33:24","slug":"mireille-delmas-marty","status":"publish","type":"post","link":"https:\/\/www.worldpolicyconference.com\/fr\/mireille-delmas-marty\/","title":{"rendered":"Mireille Delmas-Marty"},"content":{"rendered":"<p><\/p>\n<p style=\"text-align: justify;\">Membre de l\u2019Institut et professeur honoraire au Coll\u00e8ge de France (Chaire d\u2019Etudes juridiques comparatives et internationalisation du droit). Elle a publi\u00e9 de nombreux ouvrages sur le droit p\u00e9nal, le droit des droits de l\u2019homme et la mondialisation du droit parmi lesquels : <em>Le flou du droit<\/em> (PUF 2\u00e8me \u00e9d. 2004) ; <em>Les grands syst\u00e8mes de politique criminelle<\/em> (PUF 1992) ; <em>Pour un droit commun<\/em> (Seuil 1994) ; <em>Vers un droit commun de l\u2019humanit\u00e9<\/em> (Textuel 2\u00e8me \u00e9d. 2005) ; <em>Trois d\u00e9fis pour un droit mondial <\/em>(Seuil 1998)<em> <\/em>;<em> Les forces imaginantes du droit<\/em> : (I) <em>Le relatif et l\u2019universel<\/em>, (II) <em>Le Pluralisme ordonn\u00e9<\/em><em>,<\/em> (III) <em>La refondation des pouvoirs, <\/em>(IV) <em>Vers une communaut\u00e9 de valeurs\u00a0?<\/em> Seuil, 2004-2011; <em>Libert\u00e9s et s\u00fbret\u00e9 dans un monde dangereux<\/em>, Seuil, 2010\u00a0; <em>La Chine et la d\u00e9mocratie<\/em> (avec Pierre-\u00c9tienne Will)\u00a0; Fayard 2007\u00a0<em>R\u00e9sister, responsabiliser, anticiper<\/em>, Seuil, 2013\u00a0; <em>Le travail \u00e0 l\u2019heure de la mondialisation<\/em>, Bayard, 2013.<\/p>\n<p><\/p>","protected":false},"excerpt":{"rendered":"<p>Membre de l\u2019Institut et professeur honoraire au Coll\u00e8ge de France (Chaire d\u2019Etudes juridiques comparatives et internationalisation du droit). Elle a publi\u00e9 de nombreux ouvrages sur le droit p\u00e9nal, le droit<\/p>\n","protected":false},"author":1,"featured_media":9656,"comment_status":"closed","ping_status":"open","sticky":false,"template":"","format":"standard","meta":{"footnotes":""},"categories":[8],"tags":[10],"class_list":["post-1475","post","type-post","status-publish","format-standard","has-post-thumbnail","hentry","category-invited-guests","tag-10"],"_links":{"self":[{"href":"https:\/\/www.worldpolicyconference.com\/fr\/wp-json\/wp\/v2\/posts\/1475","targetHints":{"allow":["GET"]}}],"collection":[{"href":"https:\/\/www.worldpolicyconference.com\/fr\/wp-json\/wp\/v2\/posts"}],"about":[{"href":"https:\/\/www.worldpolicyconference.com\/fr\/wp-json\/wp\/v2\/types\/post"}],"author":[{"embeddable":true,"href":"https:\/\/www.worldpolicyconference.com\/fr\/wp-json\/wp\/v2\/users\/1"}],"replies":[{"embeddable":true,"href":"https:\/\/www.worldpolicyconference.com\/fr\/wp-json\/wp\/v2\/comments?post=1475"}],"version-history":[{"count":0,"href":"https:\/\/www.worldpolicyconference.com\/fr\/wp-json\/wp\/v2\/posts\/1475\/revisions"}],"wp:featuredmedia":[{"embeddable":true,"href":"https:\/\/www.worldpolicyconference.com\/fr\/wp-json\/wp\/v2\/media\/9656"}],"wp:attachment":[{"href":"https:\/\/www.worldpolicyconference.com\/fr\/wp-json\/wp\/v2\/media?parent=1475"}],"wp:term":[{"taxonomy":"category","embeddable":true,"href":"https:\/\/www.worldpolicyconference.com\/fr\/wp-json\/wp\/v2\/categories?post=1475"},{"taxonomy":"post_tag","embeddable":true,"href":"https:\/\/www.worldpolicyconference.com\/fr\/wp-json\/wp\/v2\/tags?post=1475"}],"curies":[{"name":"wp","href":"https:\/\/api.w.org\/{rel}","templated":true}]}}