{"id":1479,"date":"2014-05-12T11:59:47","date_gmt":"2014-05-12T10:59:47","guid":{"rendered":"http:\/\/www.worldpolicyconference.com\/laurent-fabius\/"},"modified":"2023-06-19T15:10:14","modified_gmt":"2023-06-19T14:10:14","slug":"laurent-fabius","status":"publish","type":"post","link":"https:\/\/www.worldpolicyconference.com\/fr\/laurent-fabius\/","title":{"rendered":"Laurent Fabius"},"content":{"rendered":"<p><\/p>\n<p style=\"text-align: justify;\"><span style=\"font-weight: 400;\">Pr\u00e9sident du Conseil constitutionnel, pr\u00e9sident de la COP 21. Il a jou\u00e9 un r\u00f4le crucial dans les n\u00e9gociations et le succ\u00e8s de l&rsquo;Accord de Paris sur le climat, le premier accord universel de lutte contre le changement climatique. Membre du Conseil d&rsquo;\u00c9tat, il a occup\u00e9 plusieurs postes gouvernementaux en France: ministre du Budget (1981-1983), ministre de l&rsquo;Industrie et de la Recherche (1983-1984), Premier ministre (1984-1986), ministre de l&rsquo;\u00c9conomie, des Finances et de l&rsquo;Industrie (2000-2002), ministre des Affaires \u00e9trang\u00e8res et du D\u00e9veloppement international (2012-2016). Il a \u00e9t\u00e9 d\u00e9put\u00e9 de 1978 \u00e0 2012 et a \u00e9t\u00e9 deux fois pr\u00e9sident de l&rsquo;Assembl\u00e9e nationale fran\u00e7aise, de 1988 \u00e0 1992, puis de 1997 \u00e0 2000. Il est un ancien \u00e9l\u00e8ve de l\u2019\u00c9cole normale sup\u00e9rieure de la rue d\u2019Ulm, agr\u00e9g\u00e9 de lettres modernes et ancien \u00e9l\u00e8ve de l\u2019\u00c9cole nationale d\u2019administration.<\/span><\/p>\n<p><\/p>","protected":false},"excerpt":{"rendered":"<p>Pr\u00e9sident du Conseil constitutionnel, pr\u00e9sident de la COP 21. Il a jou\u00e9 un r\u00f4le crucial dans les n\u00e9gociations et le succ\u00e8s de l&rsquo;Accord de Paris sur le climat, le premier<\/p>\n","protected":false},"author":1,"featured_media":14100,"comment_status":"closed","ping_status":"open","sticky":false,"template":"","format":"standard","meta":{"footnotes":""},"categories":[8],"tags":[10,25,30,153,154],"class_list":["post-1479","post","type-post","status-publish","format-standard","has-post-thumbnail","hentry","category-invited-guests","tag-10","tag-25","tag-30","tag-153","tag-154"],"_links":{"self":[{"href":"https:\/\/www.worldpolicyconference.com\/fr\/wp-json\/wp\/v2\/posts\/1479","targetHints":{"allow":["GET"]}}],"collection":[{"href":"https:\/\/www.worldpolicyconference.com\/fr\/wp-json\/wp\/v2\/posts"}],"about":[{"href":"https:\/\/www.worldpolicyconference.com\/fr\/wp-json\/wp\/v2\/types\/post"}],"author":[{"embeddable":true,"href":"https:\/\/www.worldpolicyconference.com\/fr\/wp-json\/wp\/v2\/users\/1"}],"replies":[{"embeddable":true,"href":"https:\/\/www.worldpolicyconference.com\/fr\/wp-json\/wp\/v2\/comments?post=1479"}],"version-history":[{"count":0,"href":"https:\/\/www.worldpolicyconference.com\/fr\/wp-json\/wp\/v2\/posts\/1479\/revisions"}],"wp:featuredmedia":[{"embeddable":true,"href":"https:\/\/www.worldpolicyconference.com\/fr\/wp-json\/wp\/v2\/media\/14100"}],"wp:attachment":[{"href":"https:\/\/www.worldpolicyconference.com\/fr\/wp-json\/wp\/v2\/media?parent=1479"}],"wp:term":[{"taxonomy":"category","embeddable":true,"href":"https:\/\/www.worldpolicyconference.com\/fr\/wp-json\/wp\/v2\/categories?post=1479"},{"taxonomy":"post_tag","embeddable":true,"href":"https:\/\/www.worldpolicyconference.com\/fr\/wp-json\/wp\/v2\/tags?post=1479"}],"curies":[{"name":"wp","href":"https:\/\/api.w.org\/{rel}","templated":true}]}}