{"id":1481,"date":"2014-05-12T12:00:23","date_gmt":"2014-05-12T11:00:23","guid":{"rendered":"http:\/\/www.worldpolicyconference.com\/mohammad-javad-zarif\/"},"modified":"2018-05-03T14:09:33","modified_gmt":"2018-05-03T13:09:33","slug":"mohammad-javad-zarif","status":"publish","type":"post","link":"https:\/\/www.worldpolicyconference.com\/fr\/mohammad-javad-zarif\/","title":{"rendered":"Mohammad Javad Zarif"},"content":{"rendered":"<p><\/p>\n<p style=\"text-align: justify;\">Ministre des Affaires \u00e9trang\u00e8res de la R\u00e9publique islamique d\u2019Iran. Il a \u00e9t\u00e9 professeur des droits de l\u2019homme, de droit international et de diplomatie multilat\u00e9rale \u00e0 l\u2019universit\u00e9 de T\u00e9h\u00e9ran. Il a \u00e9galement \u00e9t\u00e9 vice-pr\u00e9sident charg\u00e9 des affaires internationales de l\u2019universit\u00e9 islamique d\u2019Azad. Il a \u00e9t\u00e9 membre du conseil des r\u00e9dacteurs de plusieurs publications de recherche dont l\u2019<em>Iranian Journal of International Affairs<\/em> et l\u2019<em>Iranian Foreign Policy<\/em>. Il a \u00e9t\u00e9 vice-ministre charg\u00e9 des affaires juridiques et internationales (1992-2002) et repr\u00e9sentant permanent de l\u2019Iran aupr\u00e8s des Nations unies (2002-2007). Il a un doctorat de la Graduate School of International Studies, universit\u00e9 de Denver, Etats-Unis.<\/p>\n<p><\/p>","protected":false},"excerpt":{"rendered":"<p>Ministre des Affaires \u00e9trang\u00e8res de la R\u00e9publique islamique d\u2019Iran. Il a \u00e9t\u00e9 professeur des droits de l\u2019homme, de droit international et de diplomatie multilat\u00e9rale \u00e0 l\u2019universit\u00e9 de T\u00e9h\u00e9ran. Il a<\/p>\n","protected":false},"author":1,"featured_media":9207,"comment_status":"closed","ping_status":"open","sticky":false,"template":"","format":"standard","meta":{"footnotes":""},"categories":[8],"tags":[],"class_list":["post-1481","post","type-post","status-publish","format-standard","has-post-thumbnail","hentry","category-invited-guests"],"_links":{"self":[{"href":"https:\/\/www.worldpolicyconference.com\/fr\/wp-json\/wp\/v2\/posts\/1481","targetHints":{"allow":["GET"]}}],"collection":[{"href":"https:\/\/www.worldpolicyconference.com\/fr\/wp-json\/wp\/v2\/posts"}],"about":[{"href":"https:\/\/www.worldpolicyconference.com\/fr\/wp-json\/wp\/v2\/types\/post"}],"author":[{"embeddable":true,"href":"https:\/\/www.worldpolicyconference.com\/fr\/wp-json\/wp\/v2\/users\/1"}],"replies":[{"embeddable":true,"href":"https:\/\/www.worldpolicyconference.com\/fr\/wp-json\/wp\/v2\/comments?post=1481"}],"version-history":[{"count":0,"href":"https:\/\/www.worldpolicyconference.com\/fr\/wp-json\/wp\/v2\/posts\/1481\/revisions"}],"wp:featuredmedia":[{"embeddable":true,"href":"https:\/\/www.worldpolicyconference.com\/fr\/wp-json\/wp\/v2\/media\/9207"}],"wp:attachment":[{"href":"https:\/\/www.worldpolicyconference.com\/fr\/wp-json\/wp\/v2\/media?parent=1481"}],"wp:term":[{"taxonomy":"category","embeddable":true,"href":"https:\/\/www.worldpolicyconference.com\/fr\/wp-json\/wp\/v2\/categories?post=1481"},{"taxonomy":"post_tag","embeddable":true,"href":"https:\/\/www.worldpolicyconference.com\/fr\/wp-json\/wp\/v2\/tags?post=1481"}],"curies":[{"name":"wp","href":"https:\/\/api.w.org\/{rel}","templated":true}]}}