{"id":1487,"date":"2014-05-12T12:01:57","date_gmt":"2014-05-12T11:01:57","guid":{"rendered":"http:\/\/www.worldpolicyconference.com\/jane-karuku\/"},"modified":"2018-05-15T10:45:12","modified_gmt":"2018-05-15T09:45:12","slug":"jane-karuku","status":"publish","type":"post","link":"https:\/\/www.worldpolicyconference.com\/fr\/jane-karuku\/","title":{"rendered":"Jane Karuku"},"content":{"rendered":"<p><\/p>\n<p style=\"text-align: justify;\">Pr\u00e9sidente de l\u2019Alliance pour une r\u00e9volution verte en Afrique (AGRA). Elle est \u00e0 la t\u00eate d\u2019une des plus importantes organisations africaines dans le domaine de la s\u00e9curit\u00e9 alimentaire et du d\u00e9veloppement de l\u2019agriculture. Elle dirige l\u2019AGRA depuis 2012 apr\u00e8s avoir \u00e9t\u00e9 directeur g\u00e9n\u00e9ral adjoint et secr\u00e9taire g\u00e9n\u00e9ral de Telkom Kenya. Elle a occup\u00e9 des postes de direction dans diff\u00e9rentes grandes entreprises notamment chez Cadburys Limited en tant directeur g\u00e9n\u00e9ral en charge de l\u2019Afrique de l\u2019est et l\u2019Afrique centrale. Elle est dipl\u00f4m\u00e9e de l\u2019universit\u00e9 de Nairobi et a un MBA en marketing de l\u2019universit\u00e9 nationale de Californie.<\/p>\n<p><\/p>","protected":false},"excerpt":{"rendered":"<p>Pr\u00e9sidente de l\u2019Alliance pour une r\u00e9volution verte en Afrique (AGRA). Elle est \u00e0 la t\u00eate d\u2019une des plus importantes organisations africaines dans le domaine de la s\u00e9curit\u00e9 alimentaire et du<\/p>\n","protected":false},"author":1,"featured_media":10105,"comment_status":"closed","ping_status":"open","sticky":false,"template":"","format":"standard","meta":{"footnotes":""},"categories":[8],"tags":[10],"class_list":["post-1487","post","type-post","status-publish","format-standard","has-post-thumbnail","hentry","category-invited-guests","tag-10"],"_links":{"self":[{"href":"https:\/\/www.worldpolicyconference.com\/fr\/wp-json\/wp\/v2\/posts\/1487","targetHints":{"allow":["GET"]}}],"collection":[{"href":"https:\/\/www.worldpolicyconference.com\/fr\/wp-json\/wp\/v2\/posts"}],"about":[{"href":"https:\/\/www.worldpolicyconference.com\/fr\/wp-json\/wp\/v2\/types\/post"}],"author":[{"embeddable":true,"href":"https:\/\/www.worldpolicyconference.com\/fr\/wp-json\/wp\/v2\/users\/1"}],"replies":[{"embeddable":true,"href":"https:\/\/www.worldpolicyconference.com\/fr\/wp-json\/wp\/v2\/comments?post=1487"}],"version-history":[{"count":0,"href":"https:\/\/www.worldpolicyconference.com\/fr\/wp-json\/wp\/v2\/posts\/1487\/revisions"}],"wp:featuredmedia":[{"embeddable":true,"href":"https:\/\/www.worldpolicyconference.com\/fr\/wp-json\/wp\/v2\/media\/10105"}],"wp:attachment":[{"href":"https:\/\/www.worldpolicyconference.com\/fr\/wp-json\/wp\/v2\/media?parent=1487"}],"wp:term":[{"taxonomy":"category","embeddable":true,"href":"https:\/\/www.worldpolicyconference.com\/fr\/wp-json\/wp\/v2\/categories?post=1487"},{"taxonomy":"post_tag","embeddable":true,"href":"https:\/\/www.worldpolicyconference.com\/fr\/wp-json\/wp\/v2\/tags?post=1487"}],"curies":[{"name":"wp","href":"https:\/\/api.w.org\/{rel}","templated":true}]}}