{"id":1490,"date":"2014-05-12T12:03:13","date_gmt":"2014-05-12T11:03:13","guid":{"rendered":"http:\/\/www.worldpolicyconference.com\/david-rosen\/"},"modified":"2018-05-04T10:43:24","modified_gmt":"2018-05-04T09:43:24","slug":"david-rosen","status":"publish","type":"post","link":"https:\/\/www.worldpolicyconference.com\/fr\/david-rosen\/","title":{"rendered":"David Rosen"},"content":{"rendered":"<p><\/p>\n<p style=\"text-align: justify;\">Directeur du d\u00e9partement pour les affaires interreligieuses du Comit\u00e9 juif am\u00e9ricain (AJC) et conseiller honoraire, charg\u00e9 du dialogue interreligieux du grand rabbinat d\u2019Isra\u00ebl. Il est notamment pr\u00e9sident de la Conf\u00e9rence mondiale des religions pour la paix, membre du conseil d\u2019administration du Centre pour le dialogue KAICIID fond\u00e9 par le Roi Abdullah d\u2019Arabie Saoudite avec l\u2019Autriche, l\u2019Espagne et le Vatican. En novembre 2005, il a \u00e9t\u00e9 fait chevalier commandeur par le Pape et en 2010 commandeur de l\u2019ordre de l\u2019Empire britannique par la Reine Elisabeth II. Il a \u00e9t\u00e9 grand rabbin d\u2019Irlande (1979-1985) et rabbin de l\u2019importante congr\u00e9gation juive d\u2019Afrique du Sud (1975-1979).<\/p>\n<p><\/p>","protected":false},"excerpt":{"rendered":"<p>Directeur du d\u00e9partement pour les affaires interreligieuses du Comit\u00e9 juif am\u00e9ricain (AJC) et conseiller honoraire, charg\u00e9 du dialogue interreligieux du grand rabbinat d\u2019Isra\u00ebl. Il est notamment pr\u00e9sident de la Conf\u00e9rence<\/p>\n","protected":false},"author":1,"featured_media":9614,"comment_status":"closed","ping_status":"open","sticky":false,"template":"","format":"standard","meta":{"footnotes":""},"categories":[8],"tags":[10],"class_list":["post-1490","post","type-post","status-publish","format-standard","has-post-thumbnail","hentry","category-invited-guests","tag-10"],"_links":{"self":[{"href":"https:\/\/www.worldpolicyconference.com\/fr\/wp-json\/wp\/v2\/posts\/1490","targetHints":{"allow":["GET"]}}],"collection":[{"href":"https:\/\/www.worldpolicyconference.com\/fr\/wp-json\/wp\/v2\/posts"}],"about":[{"href":"https:\/\/www.worldpolicyconference.com\/fr\/wp-json\/wp\/v2\/types\/post"}],"author":[{"embeddable":true,"href":"https:\/\/www.worldpolicyconference.com\/fr\/wp-json\/wp\/v2\/users\/1"}],"replies":[{"embeddable":true,"href":"https:\/\/www.worldpolicyconference.com\/fr\/wp-json\/wp\/v2\/comments?post=1490"}],"version-history":[{"count":0,"href":"https:\/\/www.worldpolicyconference.com\/fr\/wp-json\/wp\/v2\/posts\/1490\/revisions"}],"wp:featuredmedia":[{"embeddable":true,"href":"https:\/\/www.worldpolicyconference.com\/fr\/wp-json\/wp\/v2\/media\/9614"}],"wp:attachment":[{"href":"https:\/\/www.worldpolicyconference.com\/fr\/wp-json\/wp\/v2\/media?parent=1490"}],"wp:term":[{"taxonomy":"category","embeddable":true,"href":"https:\/\/www.worldpolicyconference.com\/fr\/wp-json\/wp\/v2\/categories?post=1490"},{"taxonomy":"post_tag","embeddable":true,"href":"https:\/\/www.worldpolicyconference.com\/fr\/wp-json\/wp\/v2\/tags?post=1490"}],"curies":[{"name":"wp","href":"https:\/\/api.w.org\/{rel}","templated":true}]}}