{"id":14914,"date":"2022-01-06T12:25:06","date_gmt":"2022-01-06T11:25:06","guid":{"rendered":"https:\/\/www.worldpolicyconference.com\/?p=14914"},"modified":"2022-01-06T12:33:31","modified_gmt":"2022-01-06T11:33:31","slug":"josep-borrell-lue-veut-peser-face-aux-etats-unis-et-a-la-russie-dans-le-dossier-ukrainien","status":"publish","type":"post","link":"https:\/\/www.worldpolicyconference.com\/fr\/josep-borrell-lue-veut-peser-face-aux-etats-unis-et-a-la-russie-dans-le-dossier-ukrainien\/","title":{"rendered":"Josep Borrell : L&rsquo;UE veut peser face aux Etats-Unis et \u00e0 la Russie dans le dossier ukrainien"},"content":{"rendered":"<h3>Le chef de la diplomatie europ\u00e9enne, Josep Borrell, se rend en Ukraine pour soutenir Kiev face \u00e0 l&rsquo;agressivit\u00e9 de Moscou. Pour l&rsquo;Union europ\u00e9enne, il s&rsquo;agit d&rsquo;un v\u00e9ritable test de cr\u00e9dibilit\u00e9 de son action ext\u00e9rieure.<\/h3>\n<p><img decoding=\"async\" src=\"https:\/\/media.lesechos.com\/api\/v1\/images\/view\/61d473f98fe56f22a77f1f15\/1280x720\/070668069504-web-tete.jpg\" alt=\"Le chef de la diplomatie europ\u00e9enne, Josep Borrell, au dernier Sommet europ\u00e9en de d\u00e9cembre 2021, o\u00f9 il fut beaucoup question de la Russie.\" \/><\/p>\n<p><em>Le chef de la diplomatie europ\u00e9enne, Josep Borrell, au dernier Sommet europ\u00e9en de d\u00e9cembre 2021, o\u00f9 il fut beaucoup question de la Russie. (Kenzo Tribouillard\/Pool via REUTERS)<\/em><\/p>\n<div class=\"sc-aamjrj-0 sc-1i0ieo8-1 dkrURX fpPGHn\"><span class=\"sc-1i0ieo8-0 cydQRA\">Publi\u00e9 le 4 janv. 2022 \u00e0 17:20<\/span><\/div>\n<div><\/div>\n<div>\n<p class=\"sc-14kwckt-6 kQDkSE\">Pour son premier d\u00e9placement de 2022, Josep Borrell tient visiblement \u00e0 faire passer un message aux Etats-Unis et \u00e0 la Russie. En se rendant du 4 au 6 janvier en Ukraine, jusque sur la ligne de front o\u00f9 s&rsquo;opposent les forces de Kiev aux s\u00e9paratistes prorusses, le chef de la diplomatie europ\u00e9enne esp\u00e8re signaler \u00e0 Moscou et \u00e0 Washington qu&rsquo;ils ne peuvent s&rsquo;entretenir de l&rsquo;avenir de cette r\u00e9gion sans les Europ\u00e9ens &#8211; des pourparlers entre responsables am\u00e9ricains et russes sur l&rsquo;Ukraine doivent avoir lieu les 9 et 10 janvier \u00e0 Gen\u00e8ve.<\/p>\n<p class=\"sc-14kwckt-6 kQDkSE\">\u00ab Toute discussion sur la s\u00e9curit\u00e9 europ\u00e9enne doit se faire en coordination avec l&rsquo;UE et avec sa participation\u00bb, a d\u00e9clar\u00e9 le Haut Repr\u00e9sentant de l&rsquo;UE. \u00abNous ne voulons pas et ne devons pas \u00eatre un spectateur non impliqu\u00e9, avec des d\u00e9cisions prises au-dessus de nos t\u00eates\u00bb, a-t-il ajout\u00e9, un an apr\u00e8s l&rsquo;\u00a0<a class=\"sc-zhefrs-0 hEFoWd\" href=\"https:\/\/www.lesechos.fr\/monde\/europe\/humilies-par-moscou-les-europeens-optent-pour-des-sanctions-ciblees-1292548\">humiliation diplomatique<\/a>\u00a0que lui avait inflig\u00e9e le ministre russe des Affaires \u00e9trang\u00e8res. Lors d&rsquo;une conf\u00e9rence de presse, Sergue\u00ef Lavrov avait fustig\u00e9 l&rsquo;arrogance des Europ\u00e9ens, apr\u00e8s avoir expuls\u00e9 trois diplomates de l&rsquo;Union sans en avertir son homologue.<\/p>\n<h3 class=\"sc-14kwckt-2 ggCLLw sc-14kwckt-6 sc-12m61ps-0 fpcmhm\">Souverainet\u00e9<\/h3>\n<p class=\"sc-14kwckt-6 kQDkSE\">Accompagn\u00e9 du ministre ukrainien des Affaires \u00e9trang\u00e8res, Josep Borrell compte visiter, lors de sa visite, la zone critique qui jouxte les territoires tenus par les s\u00e9paratistes prorusses. Il ira ensuite \u00e0 Kiev pour rencontrer d&rsquo;autres responsables ukrainiens et, selon ses \u00e9quipes, \u00ab\u00a0souligner le soutien ferme de l&rsquo;UE \u00e0 la souverainet\u00e9 et \u00e0 l&rsquo;int\u00e9grit\u00e9 territoriale de l&rsquo;Ukraine \u00e0 un moment o\u00f9 le pays est confront\u00e9 au renforcement militaire et aux actions hybrides de la Russie\u00a0\u00bb.<\/p>\n<h3 class=\"sc-14kwckt-2 ggCLLw sc-14kwckt-6 sc-12m61ps-0 fpcmhm\">Sanctions<\/h3>\n<p class=\"sc-14kwckt-6 kQDkSE\">Depuis plusieurs semaines, les Occidentaux s&rsquo;inqui\u00e8tent s\u00e9rieusement du d\u00e9ploiement de plus de 100.000 soldats russes \u00e0 la fronti\u00e8re orientale de l&rsquo;Ukraine et redoutent une\u00a0<a class=\"sc-zhefrs-0 hEFoWd\" href=\"https:\/\/www.lesechos.fr\/monde\/europe\/ukraine-cinq-questions-pour-comprendre-la-crainte-dune-escalade-avec-la-russie-1368571\">nouvelle agression<\/a>\u00a0. En d\u00e9cembre dernier, les Vingt-Sept ont\u00a0<a class=\"sc-zhefrs-0 hEFoWd\" href=\"https:\/\/www.lesechos.fr\/monde\/europe\/les-vingt-sept-lancent-un-nouvel-avertissement-a-la-russie-1372196\">menac\u00e9 Moscou<\/a>\u00a0de lourdes sanctions \u00e9conomiques si jamais il passait \u00e0 l&rsquo;acte. \u00ab\u00a0Mais le Russes s&rsquo;y sont pr\u00e9par\u00e9s, ils ne craignent pas vraiment les armes \u00e9conomiques\u00a0\u00bb, estime Gustav Gressel, chercheur de l&rsquo;ECFR. Le secr\u00e9taire g\u00e9n\u00e9ral de l&rsquo;Otan, Jens Stoltenberg, a pr\u00e9vu d&rsquo;organiser le 12 janvier une r\u00e9union sp\u00e9ciale des pays alli\u00e9s avec des responsables russes dans le but d&rsquo;\u00e9viter un conflit ouvert.<\/p>\n<h3 class=\"sc-14kwckt-2 ggCLLw sc-14kwckt-6 sc-12m61ps-0 fpcmhm\">Test de cr\u00e9dibilit\u00e9<\/h3>\n<p class=\"sc-14kwckt-6 kQDkSE\">L&rsquo;enjeu est tr\u00e8s \u00e9lev\u00e9. Selon Cyrille Bret, de l&rsquo;Institut Jacques-Delors, \u00ab l&rsquo;Ukraine \u00e0 bien des \u00e9gards est le laboratoire de l&rsquo;action ext\u00e9rieure de l&rsquo;UE, un vrai test de sa cr\u00e9dibilit\u00e9 \u00bb. Le chercheur reconna\u00eet des m\u00e9rites \u00e0 l&rsquo;Union, qui \u00ab\u00a0affiche depuis\u00a0<a class=\"sc-zhefrs-0 hEFoWd\" href=\"https:\/\/www.lesechos.fr\/2014\/02\/la-crimee-subit-une-invasion-armee-selon-lukraine-292810\">l&rsquo;annexion de la Crim\u00e9e en 2014<\/a>\u00a0une position forte et constante \u00e0 l&rsquo;\u00e9gard de la r\u00e9gion, confirm\u00e9e r\u00e9guli\u00e8rement par le renforcement ou l&rsquo;extension des sanctions inflig\u00e9es \u00e0 certains citoyens russes ou ukrainiens \u00bb. D&rsquo;apr\u00e8s lui, \u00ab qu&rsquo;Emmanuel Macron, Angela Merkel et Ursula von der Leyen aient r\u00e9ussi \u00e0 maintenir les Vingt-Sept soud\u00e9s autour de l&rsquo;instrument des sanctions est d\u00e9j\u00e0 une \u00e9norme r\u00e9ussite. A cela s&rsquo;ajoute un soutien budg\u00e9taire de l&rsquo;UE, certes conditionn\u00e9, \u00e0 Kiev\u00a0\u00bb. Reste que, bien \u00e9videmment, \u00ab\u00a0cela ne forme pas une strat\u00e9gie compl\u00e8te, puisqu&rsquo;il manque un volet militaire que les Etats-Unis, eux, pourraient actionner \u00bb.<\/p>\n<p>Karl De Meyer (Bureau de Bruxelles)<\/p>\n<p>Lire l&rsquo;article sur <a href=\"https:\/\/www.lesechos.fr\/monde\/europe\/lue-veut-peser-face-aux-etats-unis-et-a-la-russie-dans-le-dossier-ukrainien-1376579\">Les Echos<\/a><\/p>\n<\/div>\n","protected":false},"excerpt":{"rendered":"<p>Le chef de la diplomatie europ\u00e9enne, Josep Borrell, se rend en Ukraine pour soutenir Kiev face \u00e0 l&rsquo;agressivit\u00e9 de Moscou. Pour l&rsquo;Union europ\u00e9enne, il s&rsquo;agit d&rsquo;un v\u00e9ritable test de cr\u00e9dibilit\u00e9<\/p>\n","protected":false},"author":3,"featured_media":13604,"comment_status":"closed","ping_status":"closed","sticky":false,"template":"","format":"standard","meta":{"footnotes":""},"categories":[23],"tags":[153],"class_list":["post-14914","post","type-post","status-publish","format-standard","has-post-thumbnail","hentry","category-news-room","tag-153"],"_links":{"self":[{"href":"https:\/\/www.worldpolicyconference.com\/fr\/wp-json\/wp\/v2\/posts\/14914","targetHints":{"allow":["GET"]}}],"collection":[{"href":"https:\/\/www.worldpolicyconference.com\/fr\/wp-json\/wp\/v2\/posts"}],"about":[{"href":"https:\/\/www.worldpolicyconference.com\/fr\/wp-json\/wp\/v2\/types\/post"}],"author":[{"embeddable":true,"href":"https:\/\/www.worldpolicyconference.com\/fr\/wp-json\/wp\/v2\/users\/3"}],"replies":[{"embeddable":true,"href":"https:\/\/www.worldpolicyconference.com\/fr\/wp-json\/wp\/v2\/comments?post=14914"}],"version-history":[{"count":0,"href":"https:\/\/www.worldpolicyconference.com\/fr\/wp-json\/wp\/v2\/posts\/14914\/revisions"}],"wp:featuredmedia":[{"embeddable":true,"href":"https:\/\/www.worldpolicyconference.com\/fr\/wp-json\/wp\/v2\/media\/13604"}],"wp:attachment":[{"href":"https:\/\/www.worldpolicyconference.com\/fr\/wp-json\/wp\/v2\/media?parent=14914"}],"wp:term":[{"taxonomy":"category","embeddable":true,"href":"https:\/\/www.worldpolicyconference.com\/fr\/wp-json\/wp\/v2\/categories?post=14914"},{"taxonomy":"post_tag","embeddable":true,"href":"https:\/\/www.worldpolicyconference.com\/fr\/wp-json\/wp\/v2\/tags?post=14914"}],"curies":[{"name":"wp","href":"https:\/\/api.w.org\/{rel}","templated":true}]}}