{"id":14928,"date":"2022-01-21T14:14:26","date_gmt":"2022-01-21T13:14:26","guid":{"rendered":"https:\/\/www.worldpolicyconference.com\/?p=14928"},"modified":"2022-01-21T14:14:26","modified_gmt":"2022-01-21T13:14:26","slug":"josep-borrell-ukraine-lue-redoute-lintegration-de-fait-a-la-russie-des-regions-non-controlees-par-kiev","status":"publish","type":"post","link":"https:\/\/www.worldpolicyconference.com\/fr\/josep-borrell-ukraine-lue-redoute-lintegration-de-fait-a-la-russie-des-regions-non-controlees-par-kiev\/","title":{"rendered":"Josep Borrell : Ukraine : l&rsquo;UE redoute l&rsquo;int\u00e9gration \u00abde fait\u00bb \u00e0 la Russie des r\u00e9gions non contr\u00f4l\u00e9es par Kiev"},"content":{"rendered":"<p><span class=\"fig-content-metas__authors\">Par\u00a0Le Figaro avec AFP<\/span><\/p>\n<div class=\"fig-content-metas__pub\"><span class=\"fig-content-metas__pub-date fig-content-metas__pub-date--hide-small\">Publi\u00e9\u00a0<time datetime=\"2022-01-17T23:03:08+01:00\">le 17\/01\/2022 \u00e0 23:03<\/time>,<\/span><span class=\"fig-content-metas__pub-maj-date\">\u00a0mis \u00e0 jour\u00a0<time datetime=\"2022-01-17T23:09:34+01:00\">le 17\/01\/2022 \u00e0 23:09<\/time><\/span><\/div>\n<div>\n<figure id=\"attachment_14929\" aria-describedby=\"caption-attachment-14929\" style=\"width: 704px\" class=\"wp-caption alignnone\"><a href=\"https:\/\/www.worldpolicyconference.com\/wp-content\/uploads\/2022\/01\/d68e1921a97560b420f67d10626e45aab2734ee0cddf7b72e9a7ce22b52d77e7.jpg\"><img fetchpriority=\"high\" decoding=\"async\" class=\"size-full wp-image-14929\" src=\"https:\/\/www.worldpolicyconference.com\/wp-content\/uploads\/2022\/01\/d68e1921a97560b420f67d10626e45aab2734ee0cddf7b72e9a7ce22b52d77e7.jpg\" alt=\"\" width=\"704\" height=\"396\" srcset=\"https:\/\/www.worldpolicyconference.com\/wp-content\/uploads\/2022\/01\/d68e1921a97560b420f67d10626e45aab2734ee0cddf7b72e9a7ce22b52d77e7.jpg 704w, https:\/\/www.worldpolicyconference.com\/wp-content\/uploads\/2022\/01\/d68e1921a97560b420f67d10626e45aab2734ee0cddf7b72e9a7ce22b52d77e7-300x169.jpg 300w\" sizes=\"(max-width: 704px) 100vw, 704px\" \/><\/a><figcaption id=\"caption-attachment-14929\" class=\"wp-caption-text\">Le chef de la diplomatie europ\u00e9enne, Josep Borrell.<span class=\"fig-media__credits\">\u00a0STEPHANE MAHE \/ REUTERS<\/span><\/figcaption><\/figure>\n<p>Le chef de la diplomatie europ\u00e9enne Josep Borrell a d\u00e9clar\u00e9 lundi redouter une<em>\u00a0\u00abint\u00e9gration de fait\u00bb<\/em>\u00a0\u00e0 la Russie des r\u00e9gions de l&rsquo;Ukraine non contr\u00f4l\u00e9es par Kiev.\u00a0<em>\u00abJe suis de plus en plus pr\u00e9occup\u00e9 par la situation dans les r\u00e9gions non contr\u00f4l\u00e9es par Kiev, car elles s&rsquo;\u00e9cartent de plus en plus de l&rsquo;Ukraine et se rapprochent de plus en plus de la Russie\u00bb<\/em>, a-t-il expliqu\u00e9 lors d&rsquo;une audition par la Commission des Affaires \u00e9trang\u00e8res du Parlement europ\u00e9en.<\/p>\n<p class=\"fig-paragraph\">La r\u00e9gion du Donbass, dans l&rsquo;est de l&rsquo;Ukraine, pourrait notamment se voir progressivement int\u00e9gr\u00e9e\u00a0<em>\u00abde fait\u00bb<\/em>\u00a0\u00e0 la Russie, a expliqu\u00e9 Josep Borrell aux eurod\u00e9put\u00e9s, r\u00e9unis \u00e0 Strasbourg pour une session pl\u00e9ni\u00e8re du Parlement. Depuis sept ans, cette zone est d\u00e9chir\u00e9e par une guerre entre Kiev et des s\u00e9paratistes prorusses, et le r\u00e8glement politique du conflit, pr\u00e9vu par les accords de Minsk de 2015, est dans l&rsquo;impasse.\u00a0<em>\u00abLa concentration par la Russie de forces \u00e0 la fronti\u00e8re de l&rsquo;Ukraine est li\u00e9e \u00e0 cette int\u00e9gration (&#8230;) Une attaque massive en Ukraine n&rsquo;est pas le sc\u00e9nario le plus probable, mais il existe d&rsquo;autres moyens d&rsquo;attaquer, comme les cyberattaques\u00bb<\/em>, a comment\u00e9 Josep Borrell.<\/p>\n<p class=\"fig-paragraph\">L&rsquo;Ukraine a justement \u00e9t\u00e9 victime, dans la nuit de jeudi \u00e0 vendredi, d&rsquo;un vaste piratage informatique ciblant les sites internet de plusieurs minist\u00e8res. Kiev a assur\u00e9 dimanche avoir des\u00a0<em>\u00abpreuves\u00bb<\/em>\u00a0de l&rsquo;implication de la Russie dans cette cyberattaque.\u00a0<em>\u00abNous travaillons sur au moins sept sc\u00e9narios diff\u00e9rents. Je ne pense pas que nous allons imm\u00e9diatement passer au pire sc\u00e9nario, mais il y en a plusieurs dans lesquels la situation pourrait \u00eatre suffisamment dangereuse pour n\u00e9cessiter un \u00e9tat d&rsquo;alerte permanent\u00bb<\/em>, a jug\u00e9 Josep Borrell.<\/p>\n<p class=\"fig-paragraph\">Les Europ\u00e9ens esp\u00e8rent encore convaincre le pr\u00e9sident russe Vladimir Poutine de renoncer \u00e0 une invasion de l&rsquo;Ukraine, mais ils ont commenc\u00e9 vendredi \u00e0 pr\u00e9parer de\u00a0<em>\u00ablourdes\u00bb<\/em>\u00a0sanctions pour l&rsquo;en\u00a0<em>\u00abdissuader\u00bb<\/em>, lors d&rsquo;une r\u00e9union informelle jeudi et vendredi \u00e0 Brest (ouest de la France). Souhaitant affirmer leur cr\u00e9dibilit\u00e9 vis-\u00e0-vis de l&rsquo;alli\u00e9 am\u00e9ricain, ils ont rappel\u00e9 leur mise en garde contre les cons\u00e9quences d&rsquo;une nouvelle agression militaire russe contre l&rsquo;Ukraine.\u00a0<em>\u00abElle aura des cons\u00e9quences et un co\u00fbt par le biais de sanctions\u00bb<\/em>, a soulign\u00e9 Josep Borrell. Ces derni\u00e8res seront discut\u00e9es lors d&rsquo;une r\u00e9union des ministres europ\u00e9ens des Affaires \u00e9trang\u00e8res le 24 janvier \u00e0 Bruxelles, a-t-il pr\u00e9cis\u00e9.<\/p>\n<p>Lire l&rsquo;article original sur le site du <a href=\"https:\/\/www.lefigaro.fr\/flash-actu\/ukraine-l-ue-redoute-l-integration-de-fait-a-la-russie-des-regions-non-controlees-par-kiev-20220117\">Figaro<\/a><\/p>\n<\/div>\n","protected":false},"excerpt":{"rendered":"<p>Par\u00a0Le Figaro avec AFP Publi\u00e9\u00a0le 17\/01\/2022 \u00e0 23:03,\u00a0mis \u00e0 jour\u00a0le 17\/01\/2022 \u00e0 23:09 Le chef de la diplomatie europ\u00e9enne Josep Borrell a d\u00e9clar\u00e9 lundi redouter une\u00a0\u00abint\u00e9gration de fait\u00bb\u00a0\u00e0 la Russie<\/p>\n","protected":false},"author":3,"featured_media":14930,"comment_status":"closed","ping_status":"closed","sticky":false,"template":"","format":"standard","meta":{"footnotes":""},"categories":[23],"tags":[153],"class_list":["post-14928","post","type-post","status-publish","format-standard","has-post-thumbnail","hentry","category-news-room","tag-153"],"_links":{"self":[{"href":"https:\/\/www.worldpolicyconference.com\/fr\/wp-json\/wp\/v2\/posts\/14928","targetHints":{"allow":["GET"]}}],"collection":[{"href":"https:\/\/www.worldpolicyconference.com\/fr\/wp-json\/wp\/v2\/posts"}],"about":[{"href":"https:\/\/www.worldpolicyconference.com\/fr\/wp-json\/wp\/v2\/types\/post"}],"author":[{"embeddable":true,"href":"https:\/\/www.worldpolicyconference.com\/fr\/wp-json\/wp\/v2\/users\/3"}],"replies":[{"embeddable":true,"href":"https:\/\/www.worldpolicyconference.com\/fr\/wp-json\/wp\/v2\/comments?post=14928"}],"version-history":[{"count":0,"href":"https:\/\/www.worldpolicyconference.com\/fr\/wp-json\/wp\/v2\/posts\/14928\/revisions"}],"wp:featuredmedia":[{"embeddable":true,"href":"https:\/\/www.worldpolicyconference.com\/fr\/wp-json\/wp\/v2\/media\/14930"}],"wp:attachment":[{"href":"https:\/\/www.worldpolicyconference.com\/fr\/wp-json\/wp\/v2\/media?parent=14928"}],"wp:term":[{"taxonomy":"category","embeddable":true,"href":"https:\/\/www.worldpolicyconference.com\/fr\/wp-json\/wp\/v2\/categories?post=14928"},{"taxonomy":"post_tag","embeddable":true,"href":"https:\/\/www.worldpolicyconference.com\/fr\/wp-json\/wp\/v2\/tags?post=14928"}],"curies":[{"name":"wp","href":"https:\/\/api.w.org\/{rel}","templated":true}]}}