{"id":14932,"date":"2022-01-21T14:40:00","date_gmt":"2022-01-21T13:40:00","guid":{"rendered":"https:\/\/www.worldpolicyconference.com\/?p=14932"},"modified":"2022-01-21T14:49:49","modified_gmt":"2022-01-21T13:49:49","slug":"jacques-moulin-5g-iot-big-data-a-lheure-digitale-le-plus-rapide-gagne","status":"publish","type":"post","link":"https:\/\/www.worldpolicyconference.com\/fr\/jacques-moulin-5g-iot-big-data-a-lheure-digitale-le-plus-rapide-gagne\/","title":{"rendered":"Jacques Moulin : 5G, IoT, big data&#8230; A l\u2019heure digitale, le plus rapide gagne"},"content":{"rendered":"<p>Si la France veut avoir une chance se r\u00e9industrialiser et de se doter d\u2019un syst\u00e8me productif efficace, elle n\u2019a d\u2019autre choix que de mettre les bouch\u00e9es doubles dans les nouvelles technologies. Par Jacques Moulin, directeur g\u00e9n\u00e9ral du think tank IDATE DigiWorld.<\/p>\n<div class=\"author-name\">Jacques Moulin<\/div>\n<p><time datetime=\"2021-12-22CET09:43:00+0100\">22 D\u00e9c 2021<\/time><\/p>\n<p><img decoding=\"async\" src=\"https:\/\/static.latribune.fr\/full_width\/1831887\/jacques-moulin.jpg\" alt=\"Jacques Moulin, le directeur g\u00e9n\u00e9ral de l\u2019IDATE.\" \/><\/p>\n<figure class=\"article-picture thumbnail ta-c bg-light-grey\" data-surtitre=\"\" data-exclu=\"\"><figcaption class=\"legend ta-l\">Jacques Moulin, le directeur g\u00e9n\u00e9ral de l\u2019IDATE.\u00a0(Cr\u00e9dits : DR)<\/figcaption><\/figure>\n<section class=\"contenu-article clearfix\">\n<div id=\"body-article\" class=\"body-article wide\" data-poool=\"80\" data-poool-mode=\"hide\">\n<p>Plus de 4,5 milliards d&rsquo;individus ont \u00e9t\u00e9 confin\u00e9s\u00a0: jamais dans l&rsquo;histoire de l&rsquo;humanit\u00e9, une crise sanitaire n&rsquo;avait eu un tel impact. La pand\u00e9mie a agi comme r\u00e9v\u00e9lateur des fragilit\u00e9s de nos \u00e9conomies et de nos soci\u00e9t\u00e9s. Mais les confinements \u00e0 r\u00e9p\u00e9tition ont constitu\u00e9 aussi un acc\u00e9l\u00e9rateur\u00a0de l&rsquo;hyperdigitalisation de notre civilisation. A tous les sceptiques du \u00ab\u00a0big data\u00a0\u00bb, de l&rsquo;IOT, de la 5G, le maintien de l&rsquo;activit\u00e9 \u00e9conomique, de l&rsquo;enseignement, de la m\u00e9decine, &#8211; et bien s\u00fbr la recherche pour le vaccin &#8211; mais aussi des loisirs et du lien social, en bref de notre survie, aura \u00e9t\u00e9 la preuve irr\u00e9futable de l&rsquo;utilit\u00e9 du digital.<\/p>\n<p>Selon Churchill, \u00ab\u00a0il ne faut jamais gaspiller une bonne crise\u00a0\u00bb, et nous vivons actuellement un momentum qui offre l&rsquo;opportunit\u00e9 de b\u00e2tir de nouveaux mod\u00e8les. Il n&rsquo;y aura pas de retour en arri\u00e8re. Si le futur sera r\u00e9solument digital, tout ce qui est digital ne fait pas sens. Encore faut-il que les transformations soient r\u00e9gies par une logique de progr\u00e8s, d&rsquo;inclusion \u00e9conomique et soci\u00e9tale. Il nous faut bien s\u00fbr penser Europe. Un projet industriel digital europ\u00e9en inclusif, durable et responsable est la condition\u00a0<em>sine qua non<\/em>\u00a0pour \u00e9chapper au d\u00e9terminisme de la bipolarisation de l&rsquo;\u00e9chiquier mondial. L&rsquo;Europe se doit de construire une alternative, empreinte de ses valeurs et forte de ses capacit\u00e9s d&rsquo;innovation, aux mod\u00e8les chinois et am\u00e9ricains.<\/p>\n<p>Cette voie se co-construira avec les territoires. La centralisation \u00e0 outrance, la fracture num\u00e9rique ont d\u00e9montr\u00e9 leur logique d&rsquo;exclusion. Nous ne pouvons plus feindre d&rsquo;ignorer la fragilit\u00e9 des populations qui, par g\u00e9ographie ou par \u00e9ducation, sont exclues d&rsquo;internet. L&rsquo;inclusion repose sur une infrastructure robuste. Nous pouvons pousser un cocorico pour le plan \u00ab\u00a0Tr\u00e8s Haut D\u00e9bit\u00a0\u00bb\u00a0: la France est dans les premiers pays au monde et le premier pays d&rsquo;Europe, \u00e0 fibrer son territoire. Il nous faut d\u00e9sormais accompagner une offre de solutions r\u00e9gionales enrichies.<\/p>\n<h2>Le num\u00e9rique, gage d&rsquo;une France souveraine<\/h2>\n<p>Puisque tout ce qui peut \u00eatre digitalis\u00e9 sera digitalis\u00e9, seuls r\u00e9sisteront les entreprises, Etats et territoires qui mettent en action leur feuille de route digitale. Cela suppose de penser long terme\u00a0car les investissements ne peuvent s&rsquo;ins\u00e9rer dans la dimension temporelle du mandat \u00e9lectif. L&rsquo;\u00e9lu post-covid sera n\u00e9cessairement visionnaire. Cl\u00e9 de voute de la r\u00e9industrialisation 4.0, le num\u00e9rique est le gage d&rsquo;une France et d&rsquo;une Europe souveraines et comp\u00e9titives. Souverainet\u00e9 ne signifie ni repli sur soi ni protectionnisme mais partenariats lucides et \u00e9quilibr\u00e9s pour ne pas perdre en rapidit\u00e9 de transformation.<\/p>\n<p>La \u00ab\u00a05G Factory\u00a0\u00bb de Mercedes est \u00e9clairante : l&rsquo;utilisation de la 5G coupl\u00e9e au big data, \u00e0 la robotique entra\u00eene un gain de productivit\u00e9 de 25% et, gr\u00e2ce \u00e0 la maintenance pr\u00e9dictive, permet d&rsquo;assembler avec plus de fiabilit\u00e9,\u00a0diff\u00e9rents mod\u00e8les de v\u00e9hicules sur une m\u00eame chaine. Dans le secteur de la sant\u00e9, le num\u00e9rique affirme un v\u00e9ritable saut \u00ab\u00a0quantique\u00a0\u00bb : la transmission \u00e0 distance de radios avec la 5G permet de sauver des vies dans des services d&rsquo;urgence. Le couple \u00ab\u00a0num\u00e9rique et sant\u00e9\u00a0\u00bb contribue aussi \u00e0 lutter contre les d\u00e9serts m\u00e9dicaux si nombreux en France.<\/p>\n<p>Or, force est de constater qu&rsquo;encore trop d&rsquo;industriels fran\u00e7ais sont frileux face aux investissements n\u00e9cessaires pour accompagner la r\u00e9volution 5G et engager la transition 4.0. Or, \u00e0 l&rsquo;heure digitale, le plus rapide gagne. L&rsquo;industrie allemande, convaincue sans tergiversation de l&rsquo;avantage concurrentiel de la 5G, s&rsquo;est mobilis\u00e9e pour \u00eatre admise \u00e0 l&rsquo;attribution des fr\u00e9quences. La France doit acc\u00e9l\u00e9rer sa mue : il en va de la cr\u00e9dibilit\u00e9 de ses objectifs d\u00e9clar\u00e9s de r\u00e9-industrialisation. Est-ce anecdotique si Tesla et Toyota avec leur v\u00e9hicule green rafle la mise des flottes de taxis parisiens ?<\/p>\n<h2>R\u00e9former le capital-risque<\/h2>\n<p>Certes, il nous faut aussi r\u00e9former le capital-risque fran\u00e7ais trop timor\u00e9<strong>\u00a0:\u00a0<\/strong>une startup b\u00e9n\u00e9ficie de 8,3 fois plus de capital aux Etats-Unis qu&rsquo;en Europe. Pire encore\u00a0: la France, terre de m\u00e9daill\u00e9s Field, est \u00e0 la tra\u00eene pour l&rsquo;enseignement des math\u00e9matiques. Investir dans l&rsquo;\u00e9ducation et la recherche est vitale pour rester dans la course. La majorit\u00e9 des m\u00e9tiers dans les 10 prochaines ann\u00e9es n&rsquo;existe pas encore. Il nous faut repenser les modes d&rsquo;apprentissage car d\u00e9sormais une vie professionnelle sera compos\u00e9e de 10 parcours diff\u00e9rents.<\/p>\n<p>La pand\u00e9mie a banalis\u00e9 le recours au t\u00e9l\u00e9travail. L&rsquo;aspiration \u00e0 travailler autrement &#8211; ne parle-t&rsquo;on pas de n\u00e9o-ruralit\u00e9\u00a0? &#8211; est une opportunit\u00e9 in\u00e9dite pour les territoires qui veulent d\u00e9velopper leur attractivit\u00e9, accompagner la cr\u00e9ation d&rsquo;\u00e9cosyst\u00e8mes cr\u00e9ateurs d&#8217;emploi. Le r\u00f4le de l&rsquo;\u00e9lu, agr\u00e9gateur de ces \u00e9cosyst\u00e8mes, est d\u00e8s lors central. Le projet que nous pr\u00f4nons au sein de l&rsquo;IDATE DigiWorld est inclusif, responsable et durable. Pour cela, il doit tout d&rsquo;abord s&rsquo;exercer dans un cadre r\u00e9gul\u00e9. Les Digital Market Act\/Digital Service Act europ\u00e9ens, en sont un premier pas.<\/p>\n<p>Le num\u00e9rique est aussi le levier pour b\u00e2tir une soci\u00e9t\u00e9 plus \u00ab\u00a0green\u00a0\u00bb et responsable. Le \u00ab\u00a0green by design\u00a0\u00bb int\u00e9grant nativement les pr\u00e9occupations environnementale et \u00e9nerg\u00e9tique est un imp\u00e9ratif. Ainsi, le digital est-il la cl\u00e9 pour op\u00e9rer notre \u00ab\u00a0saut de grenouille\u00a0\u00bb et \u00ab\u00a0\u00eatre absolument moderne\u00a0\u00bb.<\/p>\n<p>Il est temps que la France accompagne sa mutation en acc\u00e9l\u00e9rant la modernisation de son syst\u00e8me productif, en se dotant des \u00ab\u00a0Humanit\u00e9s du num\u00e9rique\u00a0\u00bb : former chaque citoyen \u00e0 la compr\u00e9hension des enjeux du num\u00e9rique, \u00e0 l&rsquo;utilit\u00e9 de ses actes digitaux au quotidien et investir dans la pr\u00e9paration aux emplois de demain, tout en favorisant la R&amp;D au travers de projets europ\u00e9ens. Et bien courons maintenant !<\/p>\n<p>Lire l&rsquo;article original sur le site de <a href=\"https:\/\/www.latribune.fr\/opinions\/tribunes\/5g-iot-big-data-a-l-heure-digitale-le-plus-rapide-gagne-898958.html\">La Tribune<\/a><\/p>\n<\/div>\n<\/section>\n","protected":false},"excerpt":{"rendered":"<p>Si la France veut avoir une chance se r\u00e9industrialiser et de se doter d\u2019un syst\u00e8me productif efficace, elle n\u2019a d\u2019autre choix que de mettre les bouch\u00e9es doubles dans les nouvelles<\/p>\n","protected":false},"author":3,"featured_media":14475,"comment_status":"closed","ping_status":"closed","sticky":false,"template":"","format":"standard","meta":{"footnotes":""},"categories":[23],"tags":[153],"class_list":["post-14932","post","type-post","status-publish","format-standard","has-post-thumbnail","hentry","category-news-room","tag-153"],"_links":{"self":[{"href":"https:\/\/www.worldpolicyconference.com\/fr\/wp-json\/wp\/v2\/posts\/14932","targetHints":{"allow":["GET"]}}],"collection":[{"href":"https:\/\/www.worldpolicyconference.com\/fr\/wp-json\/wp\/v2\/posts"}],"about":[{"href":"https:\/\/www.worldpolicyconference.com\/fr\/wp-json\/wp\/v2\/types\/post"}],"author":[{"embeddable":true,"href":"https:\/\/www.worldpolicyconference.com\/fr\/wp-json\/wp\/v2\/users\/3"}],"replies":[{"embeddable":true,"href":"https:\/\/www.worldpolicyconference.com\/fr\/wp-json\/wp\/v2\/comments?post=14932"}],"version-history":[{"count":0,"href":"https:\/\/www.worldpolicyconference.com\/fr\/wp-json\/wp\/v2\/posts\/14932\/revisions"}],"wp:featuredmedia":[{"embeddable":true,"href":"https:\/\/www.worldpolicyconference.com\/fr\/wp-json\/wp\/v2\/media\/14475"}],"wp:attachment":[{"href":"https:\/\/www.worldpolicyconference.com\/fr\/wp-json\/wp\/v2\/media?parent=14932"}],"wp:term":[{"taxonomy":"category","embeddable":true,"href":"https:\/\/www.worldpolicyconference.com\/fr\/wp-json\/wp\/v2\/categories?post=14932"},{"taxonomy":"post_tag","embeddable":true,"href":"https:\/\/www.worldpolicyconference.com\/fr\/wp-json\/wp\/v2\/tags?post=14932"}],"curies":[{"name":"wp","href":"https:\/\/api.w.org\/{rel}","templated":true}]}}