{"id":14984,"date":"2022-02-28T15:49:04","date_gmt":"2022-02-28T14:49:04","guid":{"rendered":"https:\/\/www.worldpolicyconference.com\/?p=14984"},"modified":"2022-02-28T15:58:20","modified_gmt":"2022-02-28T14:58:20","slug":"lunion-europeenne-doit-mener-une-reflexion-autonome-sur-lavenir-de-la-securite-du-continent-selon-thierry-de-montbrial","status":"publish","type":"post","link":"https:\/\/www.worldpolicyconference.com\/fr\/lunion-europeenne-doit-mener-une-reflexion-autonome-sur-lavenir-de-la-securite-du-continent-selon-thierry-de-montbrial\/","title":{"rendered":"\u00ab L\u2019Union europ\u00e9enne doit mener une r\u00e9flexion autonome sur l\u2019avenir de la s\u00e9curit\u00e9 du continent  \u00bb, selon Thierry de Montbrial"},"content":{"rendered":"<p><\/p>\n<div class=\"chapo\">\n<p>Pour Thierry de Montbrial, pr\u00e9sident de\u00a0l&rsquo;Institut fran\u00e7ais des relations internationales (Ifri),\u00a0les pays de l\u2019Union europ\u00e9enne n\u2019ont d\u2019autre choix que de serrer les rangs au sein de l\u2019Alliance atlantique<\/p>\n<\/div>\n<figure>\n<div id=\"standard_1\" class=\"st-placement standard_1 inImage\">\n<div class=\"st-adunit st-reset st-show\">\n<figure><picture><source srcset=\"https:\/\/resize-lejdd.lanmedia.fr\/f\/webp\/rcrop\/330,165\/img\/var\/europe1\/storage\/images\/lejdd\/international\/lunion-europeenne-doit-mener-une-reflexion-autonome-sur-lavenir-de-la-securite-du-continent-selon-thierry-de-montbrial-4096230\/58260074-2-fre-FR\/L-Union-europeenne-doit-mener-une-reflexion-autonome-sur-l-avenir-de-la-securite-du-continent-selon-Thierry-de-Montbrial.jpg\" type=\"image\/webp\" media=\"(max-width: 360px)\" \/><source srcset=\"https:\/\/resize-lejdd.lanmedia.fr\/rcrop\/330,165\/img\/var\/europe1\/storage\/images\/lejdd\/international\/lunion-europeenne-doit-mener-une-reflexion-autonome-sur-lavenir-de-la-securite-du-continent-selon-thierry-de-montbrial-4096230\/58260074-2-fre-FR\/L-Union-europeenne-doit-mener-une-reflexion-autonome-sur-l-avenir-de-la-securite-du-continent-selon-Thierry-de-Montbrial.jpg\" type=\"image\/jpeg\" media=\"(max-width: 360px)\" \/><source srcset=\"https:\/\/resize-lejdd.lanmedia.fr\/f\/webp\/rcrop\/384,192\/img\/var\/europe1\/storage\/images\/lejdd\/international\/lunion-europeenne-doit-mener-une-reflexion-autonome-sur-lavenir-de-la-securite-du-continent-selon-thierry-de-montbrial-4096230\/58260074-2-fre-FR\/L-Union-europeenne-doit-mener-une-reflexion-autonome-sur-l-avenir-de-la-securite-du-continent-selon-Thierry-de-Montbrial.jpg\" type=\"image\/webp\" media=\"(max-width: 414px)\" \/><source srcset=\"https:\/\/resize-lejdd.lanmedia.fr\/rcrop\/384,192\/img\/var\/europe1\/storage\/images\/lejdd\/international\/lunion-europeenne-doit-mener-une-reflexion-autonome-sur-lavenir-de-la-securite-du-continent-selon-thierry-de-montbrial-4096230\/58260074-2-fre-FR\/L-Union-europeenne-doit-mener-une-reflexion-autonome-sur-l-avenir-de-la-securite-du-continent-selon-Thierry-de-Montbrial.jpg\" type=\"image\/jpeg\" media=\"(max-width: 414px)\" \/><source srcset=\"https:\/\/resize-lejdd.lanmedia.fr\/f\/webp\/r\/620,310,forcex,center-middle\/img\/var\/europe1\/storage\/images\/lejdd\/international\/lunion-europeenne-doit-mener-une-reflexion-autonome-sur-lavenir-de-la-securite-du-continent-selon-thierry-de-montbrial-4096230\/58260074-2-fre-FR\/L-Union-europeenne-doit-mener-une-reflexion-autonome-sur-l-avenir-de-la-securite-du-continent-selon-Thierry-de-Montbrial.jpg\" type=\"image\/webp\" media=\"(max-width: 650px), (min-width: 993px)\" \/><source srcset=\"https:\/\/resize-lejdd.lanmedia.fr\/f\/webp\/rcrop\/738,369\/img\/var\/europe1\/storage\/images\/lejdd\/international\/lunion-europeenne-doit-mener-une-reflexion-autonome-sur-lavenir-de-la-securite-du-continent-selon-thierry-de-montbrial-4096230\/58260074-2-fre-FR\/L-Union-europeenne-doit-mener-une-reflexion-autonome-sur-l-avenir-de-la-securite-du-continent-selon-Thierry-de-Montbrial.jpg\" type=\"image\/webp\" media=\"(max-width: 992px)\" \/><source srcset=\"https:\/\/resize-lejdd.lanmedia.fr\/rcrop\/738,369\/img\/var\/europe1\/storage\/images\/lejdd\/international\/lunion-europeenne-doit-mener-une-reflexion-autonome-sur-lavenir-de-la-securite-du-continent-selon-thierry-de-montbrial-4096230\/58260074-2-fre-FR\/L-Union-europeenne-doit-mener-une-reflexion-autonome-sur-l-avenir-de-la-securite-du-continent-selon-Thierry-de-Montbrial.jpg\" type=\"image\/jpeg\" media=\"(max-width: 992px)\" \/><\/picture>\n<div id=\"standard_1\" class=\"st-placement standard_1 inImage\">\n<div class=\"st-adunit st-reset st-show\"><\/div>\n<\/div>\n<picture><img decoding=\"async\" class=\"img-responsive ls-is-cached lazyloaded\" title=\"Thierry de Montbrial, pr\u00e9sident de l'Ifri.\" src=\"https:\/\/resize-lejdd.lanmedia.fr\/r\/620,310,forcex,center-middle\/img\/var\/europe1\/storage\/images\/lejdd\/international\/lunion-europeenne-doit-mener-une-reflexion-autonome-sur-lavenir-de-la-securite-du-continent-selon-thierry-de-montbrial-4096230\/58260074-2-fre-FR\/L-Union-europeenne-doit-mener-une-reflexion-autonome-sur-l-avenir-de-la-securite-du-continent-selon-Thierry-de-Montbrial.jpg\" alt=\"Thierry de Montbrial, pr\u00e9sident de l'Ifri.\" data-src=\"https:\/\/resize-lejdd.lanmedia.fr\/r\/620,310,forcex,center-middle\/img\/var\/europe1\/storage\/images\/lejdd\/international\/lunion-europeenne-doit-mener-une-reflexion-autonome-sur-lavenir-de-la-securite-du-continent-selon-thierry-de-montbrial-4096230\/58260074-2-fre-FR\/L-Union-europeenne-doit-mener-une-reflexion-autonome-sur-l-avenir-de-la-securite-du-continent-selon-Thierry-de-Montbrial.jpg\" \/><\/picture><figcaption>\n<div class=\"desc\">Thierry de Montbrial, pr\u00e9sident de l&rsquo;Ifri.\u00a0(AFP)<\/div>\n<\/figcaption><\/figure>\n<div class=\"cnt\" data-poool=\"80\" data-poool-mode=\"hide\">\n<p><strong>Voici sa tribune.<\/strong>\u00a0Au moment o\u00f9 Vladimir Poutine, seul d\u00e9cideur en Russie de la guerre et de la paix, vient de choisir la guerre, l\u2019heure n\u2019est pas \u00e0 se disputer sur les erreurs commises par les Occidentaux dans leur approche de la s\u00e9curit\u00e9 europ\u00e9enne depuis la fin de la guerre froide. L\u2019exercice devra \u00eatre men\u00e9 le moment venu, dans un esprit constructif. Dans l\u2019imm\u00e9diat, les pays de l\u2019Union europ\u00e9enne n\u2019ont d\u2019autre choix que de serrer les rangs au sein de l\u2019Alliance atlantique, et de prendre des sanctions \u00e9conomiques dont ils auront \u00e0 subir eux-m\u00eames les lourdes cons\u00e9quences \u00e0 court et moyen termes, notamment dans le domaine \u00e9nerg\u00e9tique. Le but est que les Russes paient effectivement un prix tr\u00e8s \u00e9lev\u00e9 pour leur agression. En attendant, une chose est certaine\u00a0: l\u2019Ukraine est la grande victime de ce monumental \u00e9chec du syst\u00e8me de la s\u00e9curit\u00e9 europ\u00e9enne.<\/p>\n<\/div>\n<p>La France \u2013 elle n\u2019est pas la seule \u2013 avait depuis longtemps oubli\u00e9 que, sous le vernis de la diplomatie du spectacle \u00e0 des fins de politique int\u00e9rieure autant qu\u2019ext\u00e9rieure, les relations internationales reposent sur les rapports de force face aux situations g\u00e9opolitiques telles qu\u2019elles se pr\u00e9sentent dans le temps. Il ne sert \u00e0 rien de pol\u00e9miquer sur les tentatives d\u2019Emmanuel Macron \u00e0 Moscou, mais aussi \u00e0 Beyrouth ou ailleurs. On n\u2019a jamais tort d\u2019essayer de bonne foi d\u2019\u00e9viter le pire, m\u00eame quand on a peu de cartes dans sa main. Encore faut-il regarder la r\u00e9alit\u00e9 en face. En tendance, le poids de la France n\u2019a cess\u00e9 de diminuer depuis la fin de la guerre froide, notamment sur les flancs de l\u2019Europe, \u00e0 l\u2019Est ou au Sud. Nous ne sommes plus un acteur majeur au Moyen-Orient et les opinions publiques nous sont de plus en plus d\u00e9favorables en Afrique francophone, alors m\u00eame que la \u00ab\u00a0Fran\u00e7afrique\u00a0\u00bb n\u2019existe plus et que nous avons fait du bon travail contre les djihadistes au Mali. La Russie n\u2019a plus pour la France la consid\u00e9ration que lui manifestait l\u2019Union sovi\u00e9tique. Un demi-si\u00e8cle apr\u00e8s la fameuse question de Kissinger sur le num\u00e9ro de t\u00e9l\u00e9phone de l\u2019Europe, Poutine lui r\u00e9pond en substance que c\u2019est celui de la Maison-Blanche. Et trop souvent en effet au cours des derni\u00e8res d\u00e9cennies, les Europ\u00e9ens ont d\u00fb subir sans broncher les cons\u00e9quences de d\u00e9cisions contraires \u00e0 leurs int\u00e9r\u00eats, prises par Washington.<\/p>\n<div class=\"dom-inject-block\" data-position=\"2\" data-path=\"p\" data-conditions=\"has-min-content\" data-min-content=\"3\">\n<div id=\"lejddfr_in\" class=\"visible-md visible-lg\">\n<div id=\"lejddfr_in_apn_expandable_16460592380033491\"><span style=\"color: #666666; font-size: 1.125rem; font-style: italic;\">Le poids de la France n\u2019a cess\u00e9 de diminuer depuis la fin de la guerre froide<\/span><\/div>\n<\/div>\n<\/div>\n<p>Quoi qu\u2019il en soit, apr\u00e8s le coup de force de Poutine, il est indispensable que l\u2019UE mette au premier rang de ses pr\u00e9occupations une r\u00e9flexion autonome sur l\u2019avenir de la s\u00e9curit\u00e9 du continent. D\u2019autant plus que le retour de Trump ou d\u2019un trumpiste \u00e0 la Maison-Blanche est possible. \u00c0 ce niveau, il s\u2019agit de savoir de fa\u00e7on pr\u00e9cise ce que nous voulons nous pr\u00e9parer \u00e0 d\u00e9fendre, avec qui et avec quels moyens. En bref, nous devons identifier clairement nos int\u00e9r\u00eats, sans h\u00e9siter \u00e0 employer ce terme. Mais en disant nous, qui sommes-nous\u00a0? La France doit reconna\u00eetre qu\u2019aucune grande politique, en particulier en Afrique du Nord et de l\u2019Ouest ou au Moyen-Orient, ne sera plus possible sans coop\u00e9ration \u00e9troite avec au moins certains de ses partenaires de l\u2019UE. Ces coop\u00e9rations devront \u00eatre pens\u00e9es \u00e0 long terme et assorties d\u2019institutions dot\u00e9es de moyens proportionn\u00e9s aux enjeux. On gagnerait \u00e0 aborder les probl\u00e8mes de s\u00e9curit\u00e9 en s\u2019inspirant de la m\u00e9thode de Jean Monnet, comme pour la Communaut\u00e9 europ\u00e9enne du charbon et de l\u2019acier (CECA). Point ne serait besoin, pour cette refondation, de subordonner toutes les initiatives \u00e0 l\u2019accord unanime des pays membres. Chacune d\u2019elles devrait \u00eatre port\u00e9e par un noyau de volontaires, au sein duquel figureraient id\u00e9alement les six pays fondateurs.<\/p>\n<div class=\"dom-inject-block\" data-position=\"3\" data-path=\"p\" data-conditions=\"has-min-content\" data-min-content=\"4\"><\/div>\n<p>Pareille approche \u00e0 long terme ne serait pas aux d\u00e9pens de l\u2019Alliance atlantique, que Vladimir Poutine a r\u00e9ussi \u00e0 remettre en selle. Mais, face aux nuages qui s\u2019accumulent, les plus influents de ses membres europ\u00e9ens devront d\u00e9sormais, le plus possible en amont des crises concevables, \u00eatre au clair sur la compatibilit\u00e9 entre les int\u00e9r\u00eats europ\u00e9ens et am\u00e9ricains. En agressant l\u2019Ukraine, la Russie a aussi fait le choix de se rapprocher encore davantage de la Chine, et nul ne sait quel parall\u00e8le Poutine et Xi Jinping ont pu mener entre l\u2019Ukraine et Ta\u00efwan. Une bonne partie du monde, en particulier en Asie, veut \u00e9viter d\u2019avoir \u00e0 choisir entre les \u00c9tats-Unis et la Chine. Sur ce point majeur \u00e9galement, l\u2019Union europ\u00e9enne doit clarifier lucidement ses int\u00e9r\u00eats, sans n\u00e9cessairement rechercher l\u2019unanimit\u00e9 de ses membres.<\/p>\n<p>Je suis convaincu que, dans une perspective longue, la refondation de la politique \u00e9trang\u00e8re de la France, dont les lignes principales ont \u00e9t\u00e9 fix\u00e9es sous la IVe\u00a0R\u00e9publique, devra passer par un retour \u00e0 la source de la construction europ\u00e9enne, avec le remarquable m\u00e9lange d\u2019ambitions et de modestie qui la caract\u00e9risa.<\/p>\n<\/div>\n<p>Lire l&rsquo;article original dans <a href=\"https:\/\/www.lejdd.fr\/International\/lunion-europeenne-doit-mener-une-reflexion-autonome-sur-lavenir-de-la-securite-du-continent-selon-thierry-de-montbrial-4096230\">Le Journal du dimanche<\/a><\/p>\n<\/div>\n<\/figure>\n<p><\/p>","protected":false},"excerpt":{"rendered":"<p>Pour Thierry de Montbrial, pr\u00e9sident de\u00a0l&rsquo;Institut fran\u00e7ais des relations internationales (Ifri),\u00a0les pays de l\u2019Union europ\u00e9enne n\u2019ont d\u2019autre choix que de serrer les rangs au sein de l\u2019Alliance atlantique Thierry de<\/p>\n","protected":false},"author":3,"featured_media":14985,"comment_status":"closed","ping_status":"closed","sticky":false,"template":"","format":"standard","meta":{"footnotes":""},"categories":[23],"tags":[153],"class_list":["post-14984","post","type-post","status-publish","format-standard","has-post-thumbnail","hentry","category-news-room","tag-153"],"_links":{"self":[{"href":"https:\/\/www.worldpolicyconference.com\/fr\/wp-json\/wp\/v2\/posts\/14984","targetHints":{"allow":["GET"]}}],"collection":[{"href":"https:\/\/www.worldpolicyconference.com\/fr\/wp-json\/wp\/v2\/posts"}],"about":[{"href":"https:\/\/www.worldpolicyconference.com\/fr\/wp-json\/wp\/v2\/types\/post"}],"author":[{"embeddable":true,"href":"https:\/\/www.worldpolicyconference.com\/fr\/wp-json\/wp\/v2\/users\/3"}],"replies":[{"embeddable":true,"href":"https:\/\/www.worldpolicyconference.com\/fr\/wp-json\/wp\/v2\/comments?post=14984"}],"version-history":[{"count":0,"href":"https:\/\/www.worldpolicyconference.com\/fr\/wp-json\/wp\/v2\/posts\/14984\/revisions"}],"wp:featuredmedia":[{"embeddable":true,"href":"https:\/\/www.worldpolicyconference.com\/fr\/wp-json\/wp\/v2\/media\/14985"}],"wp:attachment":[{"href":"https:\/\/www.worldpolicyconference.com\/fr\/wp-json\/wp\/v2\/media?parent=14984"}],"wp:term":[{"taxonomy":"category","embeddable":true,"href":"https:\/\/www.worldpolicyconference.com\/fr\/wp-json\/wp\/v2\/categories?post=14984"},{"taxonomy":"post_tag","embeddable":true,"href":"https:\/\/www.worldpolicyconference.com\/fr\/wp-json\/wp\/v2\/tags?post=14984"}],"curies":[{"name":"wp","href":"https:\/\/api.w.org\/{rel}","templated":true}]}}