{"id":15004,"date":"2022-03-02T10:15:38","date_gmt":"2022-03-02T09:15:38","guid":{"rendered":"https:\/\/www.worldpolicyconference.com\/?p=15004"},"modified":"2022-03-02T14:41:04","modified_gmt":"2022-03-02T13:41:04","slug":"lallemagne-dans-ce-siecle","status":"publish","type":"post","link":"https:\/\/www.worldpolicyconference.com\/fr\/lallemagne-dans-ce-siecle\/","title":{"rendered":"L&rsquo;Allemagne dans ce si\u00e8cle"},"content":{"rendered":"<p><\/p>\n<h3 style=\"text-align: center;\">La crise en Ukraine aura eu pour m\u00e9rite de faire sortir l&rsquo;Allemagne du sommeil strat\u00e9gique dans lequel elle \u00e9tait plong\u00e9e depuis la chute de l&rsquo;Union sovi\u00e9tique.<\/h3>\n<div class=\"sc-1dyubqu-0 dGKHVu\" style=\"text-align: center;\">\n<figure class=\"sc-14kwckt-21 sc-12l15dn-1 NStZo cUPdlK\">\n<div class=\"sc-5oblao-1 cuUFDM\">\n<div class=\"sc-aamjrj-0 sc-rizxew-0 ftWdmO eoTZzi sc-of6wlx-0 hpogte\"><picture class=\"sc-1qf2dxr-0 kaYLgZ sc-d0u0l9-0 bJnync\"><img decoding=\"async\" class=\"sc-14kwckt-20 jEBahl\" src=\"https:\/\/media.lesechos.com\/api\/v1\/images\/view\/61f5021d3e45465509544826\/1280x720\/0601014303850-web-tete.jpg\" alt=\"Nicolas Barr\u00e9\" \/><\/picture><\/div>\n<\/div><figcaption class=\"sc-12l15dn-0 jPdQRW\">Nicolas Barr\u00e9 (Dessin Kim Roselier pour \u00ab\u00a0Les Echos\u00a0\u00bb)<\/figcaption><\/figure>\n<\/div>\n<div class=\"sc-aamjrj-0 egkYCq\">\n<div class=\"sc-aamjrj-0 sc-xiy60q-0 ekoCiM\">\n<div class=\"sc-1mpwnru-0 eeZFQT\">\n<p class=\"sc-14kwckt-6 sc-1ohdft1-0 hZbEGn iGA-djk\">Par\u00a0<a class=\"sc-1oe11kk-0 ebQytM\" href=\"https:\/\/www.lesechos.fr\/@nicolas-barre\">Nicolas Barr\u00e9<\/a><\/p>\n<div class=\"sc-aamjrj-0 sc-1i0ieo8-1 cCZiIu iXMxcQ\">\n<p><span class=\"sc-1i0ieo8-0 duGKTr\">Publi\u00e9 le 28 f\u00e9vr. 2022 \u00e0 17:10 |\u00a0<\/span><span class=\"sc-1i0ieo8-0 duGKTr\">Mis \u00e0 jour le 28 f\u00e9vr. 2022 \u00e0 19:38<\/span><\/p>\n<p><span style=\"font-size: 1rem;\">Enfin, l&rsquo;Allemagne s&rsquo;\u00e9veille au XXI<\/span><sup>e<\/sup><span style=\"font-size: 1rem;\">\u00a0si\u00e8cle. Vladimir Poutine aura r\u00e9ussi l&rsquo;exploit de la sortir du grand sommeil strat\u00e9gique dans lequel elle \u00e9tait douillettement plong\u00e9e depuis Gerhard Schr\u00f6der, devenu chancelier en 1998, puis Angela Merkel. \u00ab\u00a0Nous avons failli face \u00e0 l&rsquo;histoire\u00a0\u00bb\u00a0: cet aveu terrible de l&rsquo;ancienne ministre de la D\u00e9fense de la chanceli\u00e8re, Annegret Kramp-Karrenbauer, dit tout.<\/span><\/p>\n<\/div>\n<div class=\"sc-1r87fjh-0 kFiCDV post-paywall\">\n<p class=\"sc-14kwckt-6 hZbEGn\">Engourdie comme d&rsquo;autres Etats europ\u00e9ens dans le mythe des \u00ab\u00a0dividendes de la paix\u00a0\u00bb, l&rsquo;Allemagne d&rsquo;Angela Merkel n&rsquo;a pas per\u00e7u la mont\u00e9e des p\u00e9rils. Ironie de l&rsquo;histoire, il revient d\u00e9sormais \u00e0 son successeur, Olaf Scholz, impr\u00e9gn\u00e9 de culture pacifiste mais aiguillonn\u00e9 par les \u00e9v\u00e9nements et\u00a0<a class=\"sc-zhefrs-0 fRQrdK\" href=\"https:\/\/www.lesechos.fr\/idees-debats\/editos-analyses\/russie-ukraine-lhistoire-a-bascule-1389394\">sentant le souffle de l&rsquo;histoire<\/a>\u00a0, de r\u00e9ussir ce r\u00e9veil strat\u00e9gique.<\/p>\n<h2>Un r\u00f4le pour l&rsquo;histoire<\/h2>\n<p>C&rsquo;est le moment d&rsquo;endosser des r\u00f4les plus grands que soi. Dans Kiev assi\u00e9g\u00e9, l&rsquo;ex-acteur comique Volodymyr Zelensky le prouve chaque jour , usant avec talent des r\u00e9seaux sociaux &#8211; face \u00e0 l&rsquo;envahisseur, toutes les armes sont bonnes \u00e0 prendre. Devant le Bundestag en fin de semaine derni\u00e8re, Scholz fut \u00e0 la hauteur du changement d&rsquo;\u00e8re que l&rsquo;on attendait de Berlin.<\/p>\n<p>Depuis la fin de la guerre froide, jamais l&rsquo;Allemagne n&rsquo;a port\u00e9 ses d\u00e9penses militaires \u00e0\u00a02 % du PIB. Elle s&rsquo;engage d\u00e9sormais \u00e0 aller au-del\u00e0 et reconna\u00eet de facto l&rsquo;\u00e9chec de sa strat\u00e9gie de s\u00e9curit\u00e9 vis-\u00e0-vis de la Russie qui, depuis la chute de l&rsquo;Union sovi\u00e9tique, avait consist\u00e9 \u00e0 miser sur une coop\u00e9ration \u00e9conomique renforc\u00e9e.<\/p>\n<h2>Na\u00efvet\u00e9<\/h2>\n<p>Solder ces ann\u00e9es de na\u00efvet\u00e9 va co\u00fbter cher. Il y a quelques jours encore, la ministre des Affaires \u00e9trang\u00e8res Annalena Baerbock justifiait son refus d&rsquo;exclure les banques russes du syst\u00e8me Swift par la n\u00e9cessit\u00e9 de continuer \u00e0 importer du charbon et du gaz. Pour la ministre \u00e9cologiste, br\u00fbler du charbon russe \u00e9tait donc plus important que de sanctionner l&rsquo;\u00e9crasement de la d\u00e9mocratie ukrainienne !<\/p>\n<p>De m\u00eame, Berlin s&rsquo;accrochait \u00e0 sa doctrine officielle de ne pas livrer d&rsquo;armes \u00e0 des r\u00e9gions en guerre, doctrine qui n&rsquo;a toutefois pas emp\u00each\u00e9 son industrie de d\u00e9fense de livrer l&rsquo;Arabie saoudite face au Y\u00e9men\u2026<\/p>\n<h2>Servitude volontaire<\/h2>\n<p>Solder ces ann\u00e9es de na\u00efvet\u00e9, c&rsquo;est aussi admettre que la strat\u00e9gie de sortie \u00e0 marche forc\u00e9e du nucl\u00e9aire, sans aucune concertation avec ses partenaires europ\u00e9ens, a plong\u00e9 l&rsquo;Allemagne, et avec elle tout notre continent, dans un \u00e9tat de d\u00e9pendance pr\u00e9occupant \u00e0 l&rsquo;\u00e9gard de Moscou. Et si l&rsquo;on \u00e9largit la focale, en finir avec la na\u00efvet\u00e9, c&rsquo;est \u00e9galement reconna\u00eetre qu&rsquo;au nom de la d\u00e9fense de son industrie, notamment automobile, l&rsquo;Allemagne n&rsquo;a pas pouss\u00e9 l&rsquo;Europe \u00e0 exiger de la Chine une vraie r\u00e9ciprocit\u00e9 dans l&rsquo;acc\u00e8s \u00e0 son march\u00e9.<\/p>\n<p>Que ce soit vis-\u00e0-vis de la Russie, de la Chine ou des autres grandes puissances, l&rsquo;Europe n&rsquo;a pas pour destin de s&rsquo;accommoder d&rsquo;un \u00e9tat de servitude volontaire. Il \u00e9tait temps que cela soit admis dans toutes les capitales du continent.<\/p>\n<p style=\"text-align: right;\"><strong>Nicolas Barr\u00e9<\/strong><\/p>\n<p>Lire l&rsquo;article original dans\u00a0<a href=\"https:\/\/www.lesechos.fr\/idees-debats\/editos-analyses\/lallemagne-dans-ce-siecle-1390203\">Les Echos<\/a><\/p>\n<\/div>\n<\/div>\n<\/div>\n<\/div>\n<p><\/p>","protected":false},"excerpt":{"rendered":"<p>La crise en Ukraine aura eu pour m\u00e9rite de faire sortir l&rsquo;Allemagne du sommeil strat\u00e9gique dans lequel elle \u00e9tait plong\u00e9e depuis la chute de l&rsquo;Union sovi\u00e9tique. Nicolas Barr\u00e9 (Dessin Kim<\/p>\n","protected":false},"author":3,"featured_media":15007,"comment_status":"closed","ping_status":"closed","sticky":false,"template":"","format":"standard","meta":{"footnotes":""},"categories":[23],"tags":[153],"class_list":["post-15004","post","type-post","status-publish","format-standard","has-post-thumbnail","hentry","category-news-room","tag-153"],"_links":{"self":[{"href":"https:\/\/www.worldpolicyconference.com\/fr\/wp-json\/wp\/v2\/posts\/15004","targetHints":{"allow":["GET"]}}],"collection":[{"href":"https:\/\/www.worldpolicyconference.com\/fr\/wp-json\/wp\/v2\/posts"}],"about":[{"href":"https:\/\/www.worldpolicyconference.com\/fr\/wp-json\/wp\/v2\/types\/post"}],"author":[{"embeddable":true,"href":"https:\/\/www.worldpolicyconference.com\/fr\/wp-json\/wp\/v2\/users\/3"}],"replies":[{"embeddable":true,"href":"https:\/\/www.worldpolicyconference.com\/fr\/wp-json\/wp\/v2\/comments?post=15004"}],"version-history":[{"count":0,"href":"https:\/\/www.worldpolicyconference.com\/fr\/wp-json\/wp\/v2\/posts\/15004\/revisions"}],"wp:featuredmedia":[{"embeddable":true,"href":"https:\/\/www.worldpolicyconference.com\/fr\/wp-json\/wp\/v2\/media\/15007"}],"wp:attachment":[{"href":"https:\/\/www.worldpolicyconference.com\/fr\/wp-json\/wp\/v2\/media?parent=15004"}],"wp:term":[{"taxonomy":"category","embeddable":true,"href":"https:\/\/www.worldpolicyconference.com\/fr\/wp-json\/wp\/v2\/categories?post=15004"},{"taxonomy":"post_tag","embeddable":true,"href":"https:\/\/www.worldpolicyconference.com\/fr\/wp-json\/wp\/v2\/tags?post=15004"}],"curies":[{"name":"wp","href":"https:\/\/api.w.org\/{rel}","templated":true}]}}