{"id":1505,"date":"2014-05-12T12:07:29","date_gmt":"2014-05-12T11:07:29","guid":{"rendered":"http:\/\/www.worldpolicyconference.com\/ccile-maisonneuve\/"},"modified":"2018-06-13T14:45:21","modified_gmt":"2018-06-13T13:45:21","slug":"ccile-maisonneuve","status":"publish","type":"post","link":"https:\/\/www.worldpolicyconference.com\/fr\/ccile-maisonneuve\/","title":{"rendered":"C\u00e9cile Maisonneuve"},"content":{"rendered":"<p><\/p>\n<p style=\"text-align: justify;\">Directeur du Centre Energie, Ifri. Elle a d\u00e9but\u00e9 en tant qu\u2019administrateur \u00e0 l\u2019Assembl\u00e9e nationale. Elle a travaill\u00e9 pour la commission de la D\u00e9fense, la commission des Lois puis celle des Affaires \u00e9trang\u00e8res. Cadre dirigeant chez Areva, elle a \u00e9t\u00e9 en charge des affaires internationales de la pr\u00e9sidence du directoire et de la prospective internationale, puis elle a pris la responsabilit\u00e9 des affaires publiques europ\u00e9ennes et internationales. Ancienne \u00e9l\u00e8ve de l\u2019\u00c9cole normale sup\u00e9rieure. Elle est dipl\u00f4m\u00e9e de l\u2019Institut d\u2019\u00c9tudes politiques de Paris et de l\u2019Universit\u00e9 Paris IV-Sorbonne.<\/p>\n<p><\/p>","protected":false},"excerpt":{"rendered":"<p>Directeur du Centre Energie, Ifri. Elle a d\u00e9but\u00e9 en tant qu\u2019administrateur \u00e0 l\u2019Assembl\u00e9e nationale. Elle a travaill\u00e9 pour la commission de la D\u00e9fense, la commission des Lois puis celle des<\/p>\n","protected":false},"author":1,"featured_media":10012,"comment_status":"closed","ping_status":"open","sticky":false,"template":"","format":"standard","meta":{"footnotes":""},"categories":[8],"tags":[10],"class_list":["post-1505","post","type-post","status-publish","format-standard","has-post-thumbnail","hentry","category-invited-guests","tag-10"],"_links":{"self":[{"href":"https:\/\/www.worldpolicyconference.com\/fr\/wp-json\/wp\/v2\/posts\/1505","targetHints":{"allow":["GET"]}}],"collection":[{"href":"https:\/\/www.worldpolicyconference.com\/fr\/wp-json\/wp\/v2\/posts"}],"about":[{"href":"https:\/\/www.worldpolicyconference.com\/fr\/wp-json\/wp\/v2\/types\/post"}],"author":[{"embeddable":true,"href":"https:\/\/www.worldpolicyconference.com\/fr\/wp-json\/wp\/v2\/users\/1"}],"replies":[{"embeddable":true,"href":"https:\/\/www.worldpolicyconference.com\/fr\/wp-json\/wp\/v2\/comments?post=1505"}],"version-history":[{"count":0,"href":"https:\/\/www.worldpolicyconference.com\/fr\/wp-json\/wp\/v2\/posts\/1505\/revisions"}],"wp:featuredmedia":[{"embeddable":true,"href":"https:\/\/www.worldpolicyconference.com\/fr\/wp-json\/wp\/v2\/media\/10012"}],"wp:attachment":[{"href":"https:\/\/www.worldpolicyconference.com\/fr\/wp-json\/wp\/v2\/media?parent=1505"}],"wp:term":[{"taxonomy":"category","embeddable":true,"href":"https:\/\/www.worldpolicyconference.com\/fr\/wp-json\/wp\/v2\/categories?post=1505"},{"taxonomy":"post_tag","embeddable":true,"href":"https:\/\/www.worldpolicyconference.com\/fr\/wp-json\/wp\/v2\/tags?post=1505"}],"curies":[{"name":"wp","href":"https:\/\/api.w.org\/{rel}","templated":true}]}}