{"id":1509,"date":"2014-05-12T12:08:41","date_gmt":"2014-05-12T11:08:41","guid":{"rendered":"http:\/\/www.worldpolicyconference.com\/mahama-zoungrana\/"},"modified":"2018-05-03T13:43:18","modified_gmt":"2018-05-03T12:43:18","slug":"mahama-zoungrana","status":"publish","type":"post","link":"https:\/\/www.worldpolicyconference.com\/fr\/mahama-zoungrana\/","title":{"rendered":"Mahama Zoungrana"},"content":{"rendered":"<p><\/p>\n<p style=\"text-align: justify;\">Ministre de l\u2019Agriculture et de la S\u00e9curit\u00e9 alimentaire du Burkina Faso depuis 2013. Il a pris part \u00e0 de nombreuses missions d\u2019\u00e9valuation et de meetings organis\u00e9s aussi bien par des organisations r\u00e9gionales qu\u2019internationales. Il a une v\u00e9ritable ma\u00eetrise et compr\u00e9hension du d\u00e9veloppement rural et de la s\u00e9curit\u00e9 alimentaire en Afrique de l\u2019Ouest. Il a occup\u00e9 le poste de directeur g\u00e9n\u00e9ral du d\u00e9partement de pr\u00e9visions et statistiques du minist\u00e8re de l\u2019Agriculture. Il est dipl\u00f4m\u00e9 de l\u2019Institut du d\u00e9veloppement rural de Ouagadoudou et du Centre africain d\u2019\u00e9tudes sup\u00e9rieures en gestion (CESAG) \u00e0 Dakar.<\/p>\n<p><\/p>","protected":false},"excerpt":{"rendered":"<p>Ministre de l\u2019Agriculture et de la S\u00e9curit\u00e9 alimentaire du Burkina Faso depuis 2013. Il a pris part \u00e0 de nombreuses missions d\u2019\u00e9valuation et de meetings organis\u00e9s aussi bien par des<\/p>\n","protected":false},"author":1,"featured_media":9186,"comment_status":"closed","ping_status":"open","sticky":false,"template":"","format":"standard","meta":{"footnotes":""},"categories":[8],"tags":[10],"class_list":["post-1509","post","type-post","status-publish","format-standard","has-post-thumbnail","hentry","category-invited-guests","tag-10"],"_links":{"self":[{"href":"https:\/\/www.worldpolicyconference.com\/fr\/wp-json\/wp\/v2\/posts\/1509","targetHints":{"allow":["GET"]}}],"collection":[{"href":"https:\/\/www.worldpolicyconference.com\/fr\/wp-json\/wp\/v2\/posts"}],"about":[{"href":"https:\/\/www.worldpolicyconference.com\/fr\/wp-json\/wp\/v2\/types\/post"}],"author":[{"embeddable":true,"href":"https:\/\/www.worldpolicyconference.com\/fr\/wp-json\/wp\/v2\/users\/1"}],"replies":[{"embeddable":true,"href":"https:\/\/www.worldpolicyconference.com\/fr\/wp-json\/wp\/v2\/comments?post=1509"}],"version-history":[{"count":0,"href":"https:\/\/www.worldpolicyconference.com\/fr\/wp-json\/wp\/v2\/posts\/1509\/revisions"}],"wp:featuredmedia":[{"embeddable":true,"href":"https:\/\/www.worldpolicyconference.com\/fr\/wp-json\/wp\/v2\/media\/9186"}],"wp:attachment":[{"href":"https:\/\/www.worldpolicyconference.com\/fr\/wp-json\/wp\/v2\/media?parent=1509"}],"wp:term":[{"taxonomy":"category","embeddable":true,"href":"https:\/\/www.worldpolicyconference.com\/fr\/wp-json\/wp\/v2\/categories?post=1509"},{"taxonomy":"post_tag","embeddable":true,"href":"https:\/\/www.worldpolicyconference.com\/fr\/wp-json\/wp\/v2\/tags?post=1509"}],"curies":[{"name":"wp","href":"https:\/\/api.w.org\/{rel}","templated":true}]}}